{"id":304,"date":"2019-01-08T17:34:58","date_gmt":"2019-01-08T17:34:58","guid":{"rendered":"http:\/\/www.radiopresidenteibanez.cl\/web\/?p=304"},"modified":"2019-01-08T17:35:26","modified_gmt":"2019-01-08T17:35:26","slug":"presidente-sebastian-pinera-llego-hasta-la-ciudad-de-puerto-williams-su-agenda-se-acorto-y-viajaria-en-horas-de-esta-tarde-a-santiago","status":"publish","type":"post","link":"https:\/\/www.radiopresidenteibanez.cl\/web\/presidente-sebastian-pinera-llego-hasta-la-ciudad-de-puerto-williams-su-agenda-se-acorto-y-viajaria-en-horas-de-esta-tarde-a-santiago\/","title":{"rendered":"PRESIDENTE SEBASTI\u00c1N PI\u00d1ERA LLEG\u00d3 HASTA LA CIUDAD DE PUERTO WILLIAMS, SU AGENDA SE ACORT\u00d3 Y VIAJAR\u00cdA EN HORAS DE ESTA TARDE A SANTIAGO"},"content":{"rendered":"\n<p>Pasadas las 12 horas de este martes, lleg\u00f3 hasta la ciudad de Puerto Williams el presidente Sebasti\u00e1n Pi\u00f1era, para participar de variadas actividades, luego de esto se coment\u00f3 que viajar\u00eda hasta Tierra del Fuego para tomarse unos d\u00edas de descanso en el sector de Cameron, junto a su familia, para as\u00ed finalizar su visita a nuestra regi\u00f3n el pr\u00f3ximo s\u00e1bado en Punta Arenas.<\/p>\n\n\n\n<p>Pero lo anterior al parecer no se podr\u00e1, esto debido a que Pi\u00f1era viajar\u00eda en horas de esta misma tarde a Santiago, por el problema que vive el actual Ministro Andres Chadwick, a quien la oposici\u00f3n le pide la renuncia por el caso Catrillanca.<\/p>\n\n\n\n<ul class=\"wp-block-gallery columns-3 is-cropped wp-block-gallery-1 is-layout-flex wp-block-gallery-is-layout-flex\"><li class=\"blocks-gallery-item\"><figure><img loading=\"lazy\" decoding=\"async\" width=\"1024\" height=\"682\" src=\"http:\/\/www.radiopresidenteibanez.cl\/web\/wp-content\/uploads\/2019\/01\/IMG-20190108-WA0017-1024x682.jpg\" alt=\"\" data-id=\"305\" data-link=\"http:\/\/www.radiopresidenteibanez.cl\/web\/?attachment_id=305\" class=\"wp-image-305\" srcset=\"https:\/\/www.radiopresidenteibanez.cl\/web\/wp-content\/uploads\/2019\/01\/IMG-20190108-WA0017-1024x682.jpg 1024w, https:\/\/www.radiopresidenteibanez.cl\/web\/wp-content\/uploads\/2019\/01\/IMG-20190108-WA0017-300x200.jpg 300w, https:\/\/www.radiopresidenteibanez.cl\/web\/wp-content\/uploads\/2019\/01\/IMG-20190108-WA0017-768x512.jpg 768w, https:\/\/www.radiopresidenteibanez.cl\/web\/wp-content\/uploads\/2019\/01\/IMG-20190108-WA0017.jpg 1280w\" sizes=\"auto, (max-width: 1024px) 100vw, 1024px\" \/><\/figure><\/li><li class=\"blocks-gallery-item\"><figure><img loading=\"lazy\" decoding=\"async\" width=\"1024\" height=\"682\" src=\"http:\/\/www.radiopresidenteibanez.cl\/web\/wp-content\/uploads\/2019\/01\/IMG-20190108-WA0018-1024x682.jpg\" alt=\"\" data-id=\"306\" data-link=\"http:\/\/www.radiopresidenteibanez.cl\/web\/?attachment_id=306\" class=\"wp-image-306\" srcset=\"https:\/\/www.radiopresidenteibanez.cl\/web\/wp-content\/uploads\/2019\/01\/IMG-20190108-WA0018-1024x682.jpg 1024w, https:\/\/www.radiopresidenteibanez.cl\/web\/wp-content\/uploads\/2019\/01\/IMG-20190108-WA0018-300x200.jpg 300w, https:\/\/www.radiopresidenteibanez.cl\/web\/wp-content\/uploads\/2019\/01\/IMG-20190108-WA0018-768x512.jpg 768w, https:\/\/www.radiopresidenteibanez.cl\/web\/wp-content\/uploads\/2019\/01\/IMG-20190108-WA0018.jpg 1280w\" sizes=\"auto, (max-width: 1024px) 100vw, 1024px\" \/><\/figure><\/li><li class=\"blocks-gallery-item\"><figure><img loading=\"lazy\" decoding=\"async\" width=\"1024\" height=\"683\" src=\"http:\/\/www.radiopresidenteibanez.cl\/web\/wp-content\/uploads\/2019\/01\/IMG-20190108-WA0019-1024x683.jpg\" alt=\"\" data-id=\"307\" data-link=\"http:\/\/www.radiopresidenteibanez.cl\/web\/?attachment_id=307\" class=\"wp-image-307\" srcset=\"https:\/\/www.radiopresidenteibanez.cl\/web\/wp-content\/uploads\/2019\/01\/IMG-20190108-WA0019-1024x683.jpg 1024w, https:\/\/www.radiopresidenteibanez.cl\/web\/wp-content\/uploads\/2019\/01\/IMG-20190108-WA0019-300x200.jpg 300w, https:\/\/www.radiopresidenteibanez.cl\/web\/wp-content\/uploads\/2019\/01\/IMG-20190108-WA0019-768x512.jpg 768w, https:\/\/www.radiopresidenteibanez.cl\/web\/wp-content\/uploads\/2019\/01\/IMG-20190108-WA0019.jpg 1251w\" sizes=\"auto, (max-width: 1024px) 100vw, 1024px\" \/><\/figure><\/li><li class=\"blocks-gallery-item\"><figure><img loading=\"lazy\" decoding=\"async\" width=\"1024\" height=\"682\" src=\"http:\/\/www.radiopresidenteibanez.cl\/web\/wp-content\/uploads\/2019\/01\/IMG-20190108-WA0020-1024x682.jpg\" alt=\"\" data-id=\"308\" data-link=\"http:\/\/www.radiopresidenteibanez.cl\/web\/?attachment_id=308\" class=\"wp-image-308\" srcset=\"https:\/\/www.radiopresidenteibanez.cl\/web\/wp-content\/uploads\/2019\/01\/IMG-20190108-WA0020-1024x682.jpg 1024w, https:\/\/www.radiopresidenteibanez.cl\/web\/wp-content\/uploads\/2019\/01\/IMG-20190108-WA0020-300x200.jpg 300w, https:\/\/www.radiopresidenteibanez.cl\/web\/wp-content\/uploads\/2019\/01\/IMG-20190108-WA0020-768x512.jpg 768w, https:\/\/www.radiopresidenteibanez.cl\/web\/wp-content\/uploads\/2019\/01\/IMG-20190108-WA0020.jpg 1280w\" sizes=\"auto, (max-width: 1024px) 100vw, 1024px\" \/><\/figure><\/li><li class=\"blocks-gallery-item\"><figure><img loading=\"lazy\" decoding=\"async\" width=\"768\" height=\"1024\" src=\"http:\/\/www.radiopresidenteibanez.cl\/web\/wp-content\/uploads\/2019\/01\/IMG-20190108-WA0021-768x1024.jpg\" alt=\"\" data-id=\"309\" data-link=\"http:\/\/www.radiopresidenteibanez.cl\/web\/?attachment_id=309\" class=\"wp-image-309\" srcset=\"https:\/\/www.radiopresidenteibanez.cl\/web\/wp-content\/uploads\/2019\/01\/IMG-20190108-WA0021.jpg 768w, https:\/\/www.radiopresidenteibanez.cl\/web\/wp-content\/uploads\/2019\/01\/IMG-20190108-WA0021-225x300.jpg 225w\" sizes=\"auto, (max-width: 768px) 100vw, 768px\" \/><\/figure><\/li><\/ul>\n","protected":false},"excerpt":{"rendered":"<p>Pasadas las 12 horas de este martes, lleg\u00f3 hasta la ciudad de Puerto Williams el presidente Sebasti\u00e1n Pi\u00f1era, para participar de variadas actividades, luego de esto se coment\u00f3 que viajar\u00eda&#8230; <a class=\"read-more\" href=\"https:\/\/www.radiopresidenteibanez.cl\/web\/presidente-sebastian-pinera-llego-hasta-la-ciudad-de-puerto-williams-su-agenda-se-acorto-y-viajaria-en-horas-de-esta-tarde-a-santiago\/\">Leer m\u00e1s<\/a><\/p>\n","protected":false},"author":2,"featured_media":307,"comment_status":"closed","ping_status":"closed","sticky":false,"template":"","format":"standard","meta":{"footnotes":""},"categories":[1],"tags":[],"class_list":["post-304","post","type-post","status-publish","format-standard","has-post-thumbnail","hentry","category-cronica"],"_links":{"self":[{"href":"https:\/\/www.radiopresidenteibanez.cl\/web\/wp-json\/wp\/v2\/posts\/304","targetHints":{"allow":["GET"]}}],"collection":[{"href":"https:\/\/www.radiopresidenteibanez.cl\/web\/wp-json\/wp\/v2\/posts"}],"about":[{"href":"https:\/\/www.radiopresidenteibanez.cl\/web\/wp-json\/wp\/v2\/types\/post"}],"author":[{"embeddable":true,"href":"https:\/\/www.radiopresidenteibanez.cl\/web\/wp-json\/wp\/v2\/users\/2"}],"replies":[{"embeddable":true,"href":"https:\/\/www.radiopresidenteibanez.cl\/web\/wp-json\/wp\/v2\/comments?post=304"}],"version-history":[{"count":0,"href":"https:\/\/www.radiopresidenteibanez.cl\/web\/wp-json\/wp\/v2\/posts\/304\/revisions"}],"wp:featuredmedia":[{"embeddable":true,"href":"https:\/\/www.radiopresidenteibanez.cl\/web\/wp-json\/wp\/v2\/media\/307"}],"wp:attachment":[{"href":"https:\/\/www.radiopresidenteibanez.cl\/web\/wp-json\/wp\/v2\/media?parent=304"}],"wp:term":[{"taxonomy":"category","embeddable":true,"href":"https:\/\/www.radiopresidenteibanez.cl\/web\/wp-json\/wp\/v2\/categories?post=304"},{"taxonomy":"post_tag","embeddable":true,"href":"https:\/\/www.radiopresidenteibanez.cl\/web\/wp-json\/wp\/v2\/tags?post=304"}],"curies":[{"name":"wp","href":"https:\/\/api.w.org\/{rel}","templated":true}]}}