{"id":30398,"date":"2022-06-12T18:43:00","date_gmt":"2022-06-12T21:43:00","guid":{"rendered":"https:\/\/www.radiopresidenteibanez.cl\/web\/?p=30398"},"modified":"2022-06-12T12:22:26","modified_gmt":"2022-06-12T15:22:26","slug":"seremis-de-agricultura-y-de-la-mujer-y-de-la-equidad-de-genero-reactivan-la-mesa-de-la-mujer-rural","status":"publish","type":"post","link":"https:\/\/www.radiopresidenteibanez.cl\/web\/seremis-de-agricultura-y-de-la-mujer-y-de-la-equidad-de-genero-reactivan-la-mesa-de-la-mujer-rural\/","title":{"rendered":"Seremis de Agricultura y de la Mujer y de la Equidad de G\u00e9nero reactivan la Mesa de la Mujer Rural"},"content":{"rendered":"\n<p>Esta semana se reactiv\u00f3 la\nMesa de la de Mujer Rural, con la participaci\u00f3n de siete agrupaciones de\nagricultoras de la comuna de Punta Arenas; una instancia de participaci\u00f3n tanto\np\u00fablica como privada que permiti\u00f3 el encuentro de m\u00e1s de una veintena de agricultoras\nde la regi\u00f3n.<\/p>\n\n\n\n<p>La mesa es coordinada por\nla Seremi de Agricultura, Irene Ram\u00edrez junto a la Seremi de la Mujer y la\nEquidad de G\u00e9nero, Alejandra Ruiz, para generar un plan de trabajo y avanzar en\narticular y generar ofertas y nuevas oportunidades para las mujeres rurales con\nla asesor\u00eda t\u00e9cnica de INDAP.<\/p>\n\n\n\n<p>Se trat\u00f3 de un\nreencuentro luego de pausa forzada por la pandemia, dijo la Seremi de\nagricultura. \u201cEn esta reuni\u00f3n asistieron m\u00e1s de 20 agricultoras, muchas de\nellas representan o son presidentas de distintas agrupaciones, lo cual es muy\nimportante, ya que en esta reuni\u00f3n pudimos dialogar y conversar de diferentes\ntemas, no solo en el \u00e1mbito rural y agricultura en que ellas trabajan, sino que\ntambi\u00e9n, en distintos aspectos sociales en los cuales, nosotras como\nautoridades regionales, podemos contribuir&nbsp;\nvincul\u00e1ndolas con otros servicios p\u00fablicos\u201d. <\/p>\n\n\n\n<p>Al respecto la joven agricultora\nLoreto Hern\u00e1ndez expres\u00f3, \u201cespero que esta mesa sea un lazo para que podamos\nseguir creciendo como agricultoras y como mujeres, qued\u00f3 muy claro cu\u00e1les eran\nlos lineamientos y se conversaron todos los temas\u201d.<\/p>\n\n\n\n<p>Por su parte la Seremi de\nla mujer y de la equidad de g\u00e9nero, Alejandra Ruiz manifest\u00f3, \u201cfue una reuni\u00f3n\nmuy exitosa ya que pudimos escuchar todas sus necesidades, tuvimos una gran\nconvocatoria junto a la Seremi de Agricultura, para poder organizar y\nplanificar el trabajo que se va a realizar durante el a\u00f1o\u201d.<\/p>\n\n\n\n<p>Agreg\u00f3 la Seremi de\nagricultura que \u201cquedamos con varios desaf\u00edos en conjunto con la Seremi de la\nmujer y equidad de g\u00e9nero, por lo cual vamos a continuar apoyando y empoderando\na estas mujeres en el rubro de la agricultura, que es uno de principales ejes\nestrat\u00e9gicos de nuestro gobierno, de poder fortalecer la agricultura familiar\ncampesina y ellas como campesinas son un n\u00facleo importante para poder cumplir\nnuestros objetivos aqu\u00ed en la regi\u00f3n de Magallanes\u201d.<\/p>\n\n\n\n<p>De \u201cmaravillosamente\nbuena\u201d calific\u00f3 el encuentro la presidenta de la agrupaci\u00f3n de mujeres\nagricultoras, Virgen de la Covadonga, Aurora Reyes, \u201cTenemos tantos desaf\u00edos necesit\u00e1bamos\nesta reuni\u00f3n y logramos reactivar la mesa, que es lo que se logr\u00f3 hoy d\u00eda.\u201d<\/p>\n","protected":false},"excerpt":{"rendered":"<p>Esta semana se reactiv\u00f3 la Mesa de la de Mujer Rural, con la participaci\u00f3n de siete agrupaciones de agricultoras de la comuna de Punta Arenas; una instancia de participaci\u00f3n tanto&#8230; <a class=\"read-more\" href=\"https:\/\/www.radiopresidenteibanez.cl\/web\/seremis-de-agricultura-y-de-la-mujer-y-de-la-equidad-de-genero-reactivan-la-mesa-de-la-mujer-rural\/\">Leer m\u00e1s<\/a><\/p>\n","protected":false},"author":2,"featured_media":30399,"comment_status":"closed","ping_status":"closed","sticky":false,"template":"","format":"standard","meta":{"footnotes":""},"categories":[1],"tags":[],"class_list":["post-30398","post","type-post","status-publish","format-standard","has-post-thumbnail","hentry","category-cronica"],"_links":{"self":[{"href":"https:\/\/www.radiopresidenteibanez.cl\/web\/wp-json\/wp\/v2\/posts\/30398","targetHints":{"allow":["GET"]}}],"collection":[{"href":"https:\/\/www.radiopresidenteibanez.cl\/web\/wp-json\/wp\/v2\/posts"}],"about":[{"href":"https:\/\/www.radiopresidenteibanez.cl\/web\/wp-json\/wp\/v2\/types\/post"}],"author":[{"embeddable":true,"href":"https:\/\/www.radiopresidenteibanez.cl\/web\/wp-json\/wp\/v2\/users\/2"}],"replies":[{"embeddable":true,"href":"https:\/\/www.radiopresidenteibanez.cl\/web\/wp-json\/wp\/v2\/comments?post=30398"}],"version-history":[{"count":0,"href":"https:\/\/www.radiopresidenteibanez.cl\/web\/wp-json\/wp\/v2\/posts\/30398\/revisions"}],"wp:featuredmedia":[{"embeddable":true,"href":"https:\/\/www.radiopresidenteibanez.cl\/web\/wp-json\/wp\/v2\/media\/30399"}],"wp:attachment":[{"href":"https:\/\/www.radiopresidenteibanez.cl\/web\/wp-json\/wp\/v2\/media?parent=30398"}],"wp:term":[{"taxonomy":"category","embeddable":true,"href":"https:\/\/www.radiopresidenteibanez.cl\/web\/wp-json\/wp\/v2\/categories?post=30398"},{"taxonomy":"post_tag","embeddable":true,"href":"https:\/\/www.radiopresidenteibanez.cl\/web\/wp-json\/wp\/v2\/tags?post=30398"}],"curies":[{"name":"wp","href":"https:\/\/api.w.org\/{rel}","templated":true}]}}