{"id":30379,"date":"2022-06-11T14:53:00","date_gmt":"2022-06-11T17:53:00","guid":{"rendered":"https:\/\/www.radiopresidenteibanez.cl\/web\/?p=30379"},"modified":"2022-06-11T16:29:40","modified_gmt":"2022-06-11T19:29:40","slug":"seremi-de-desarrollo-social-anuncio-la-extension-del-albergue-para-personas-en-situacion-de-calle","status":"publish","type":"post","link":"https:\/\/www.radiopresidenteibanez.cl\/web\/seremi-de-desarrollo-social-anuncio-la-extension-del-albergue-para-personas-en-situacion-de-calle\/","title":{"rendered":"Seremi de desarrollo Social anunci\u00f3 la extensi\u00f3n del albergue para personas en situaci\u00f3n de calle"},"content":{"rendered":"\n<p>Bajo una tarde cubierta de nieve, el Seremi de Desarrollo Social y Familia, Danilo Mimica Mansilla, se dirigi\u00f3 hasta el albergue para personas en situaci\u00f3n de calle de Punta Arenas para anunciar la extensi\u00f3n de este dispositivo hasta el mes de enero del 2023.<\/p>\n\n\n\n<p>Esta extensi\u00f3n se concret\u00f3 mediante el traspaso de $86 millones desde el Ministerio de Desarrollo Social y Familia a la Fundaci\u00f3n para el Desarrollo de la Regi\u00f3n Magallanes (FIDE XII), organismo ejecutor y que tiene una experiencia de m\u00e1s de cuarenta a\u00f1os en tem\u00e1ticas sociales.<\/p>\n\n\n\n<p>Desde el recinto, ubicado en Lautaro Navarro 861, el Seremi Danilo Mimica se\u00f1al\u00f3 que \u201ccon estos recursos el albergue podr\u00e1 operar de forma ininterrumpida hasta el pr\u00f3ximo a\u00f1o, situaci\u00f3n que nos da cierta tranquilidad para salvaguardar la vida de los hombres y mujeres vulnerables de nuestra regi\u00f3n. Sin embargo sabemos que la capacidad de este lugar no cubre la totalidad de la poblaci\u00f3n identificada, que corresponde a aproximadamente 130 personas seg\u00fan el Registro Calle\u201d.<\/p>\n\n\n\n<p>Ante esta necesidad, la autoridad se\u00f1al\u00f3 que \u201ca&nbsp;fines de este mes, esperamos contar con un segundo albergue para Punta Arenas y uno para la comuna de Natales. En Natales el albergue funcionar\u00e1 como ha sido regularmente en una dependencia facilitada por el Hogar de Cristo, sin embargo en Punta Arenas, tenemos el inconveniente de no contar con un espacio f\u00edsico estable para este fin, lo que demanda que cada a\u00f1o gestionemos la b\u00fasqueda de espacios\u201d.<\/p>\n\n\n\n<p>Con respecto a los usuarios, Jorge M\u00e1rquez, oriundo de Porvenir, se\u00f1al\u00f3 que \u201ceste anuncio es una excelente noticia debido a que en este albergue recibimos comida, tenemos un techo seguro y los monitores se preocupan por nuestra salud durante las 24 horas del d\u00eda.&nbsp;Producto del clima, hay personas que mueren en la calle por hipotermia, por ello es bueno utilizar estos dispositivos\u201d.<\/p>\n\n\n\n<p>Los recursos asignados tambi\u00e9n permitir\u00e1n potenciar el equipo ejecutor mediante la contrataci\u00f3n de una trabajadora social, una enfermera y una t\u00e9cnico de nivel superior en enfermer\u00eda, quienes se sumar\u00e1n junto a los otros 16 miembros del equipo para trabajar en tres turnos de 8 horas.<\/p>\n\n\n\n<p>Este dispositivo cuenta con est\u00e1ndares socio-sanitarios que garantizan un espacio seguro para 20 hombres y mujeres,&nbsp;entregando alimentaci\u00f3n, abrigo, higiene y atenci\u00f3n social.<\/p>\n","protected":false},"excerpt":{"rendered":"<p>Bajo una tarde cubierta de nieve, el Seremi de Desarrollo Social y Familia, Danilo Mimica Mansilla, se dirigi\u00f3 hasta el albergue para personas en situaci\u00f3n de calle de Punta Arenas&#8230; <a class=\"read-more\" href=\"https:\/\/www.radiopresidenteibanez.cl\/web\/seremi-de-desarrollo-social-anuncio-la-extension-del-albergue-para-personas-en-situacion-de-calle\/\">Leer m\u00e1s<\/a><\/p>\n","protected":false},"author":2,"featured_media":30380,"comment_status":"closed","ping_status":"closed","sticky":false,"template":"","format":"standard","meta":{"footnotes":""},"categories":[1],"tags":[],"class_list":["post-30379","post","type-post","status-publish","format-standard","has-post-thumbnail","hentry","category-cronica"],"_links":{"self":[{"href":"https:\/\/www.radiopresidenteibanez.cl\/web\/wp-json\/wp\/v2\/posts\/30379","targetHints":{"allow":["GET"]}}],"collection":[{"href":"https:\/\/www.radiopresidenteibanez.cl\/web\/wp-json\/wp\/v2\/posts"}],"about":[{"href":"https:\/\/www.radiopresidenteibanez.cl\/web\/wp-json\/wp\/v2\/types\/post"}],"author":[{"embeddable":true,"href":"https:\/\/www.radiopresidenteibanez.cl\/web\/wp-json\/wp\/v2\/users\/2"}],"replies":[{"embeddable":true,"href":"https:\/\/www.radiopresidenteibanez.cl\/web\/wp-json\/wp\/v2\/comments?post=30379"}],"version-history":[{"count":0,"href":"https:\/\/www.radiopresidenteibanez.cl\/web\/wp-json\/wp\/v2\/posts\/30379\/revisions"}],"wp:featuredmedia":[{"embeddable":true,"href":"https:\/\/www.radiopresidenteibanez.cl\/web\/wp-json\/wp\/v2\/media\/30380"}],"wp:attachment":[{"href":"https:\/\/www.radiopresidenteibanez.cl\/web\/wp-json\/wp\/v2\/media?parent=30379"}],"wp:term":[{"taxonomy":"category","embeddable":true,"href":"https:\/\/www.radiopresidenteibanez.cl\/web\/wp-json\/wp\/v2\/categories?post=30379"},{"taxonomy":"post_tag","embeddable":true,"href":"https:\/\/www.radiopresidenteibanez.cl\/web\/wp-json\/wp\/v2\/tags?post=30379"}],"curies":[{"name":"wp","href":"https:\/\/api.w.org\/{rel}","templated":true}]}}