{"id":3031,"date":"2019-04-04T15:23:10","date_gmt":"2019-04-04T15:23:10","guid":{"rendered":"http:\/\/www.radiopresidenteibanez.cl\/web\/?p=3031"},"modified":"2019-04-04T15:23:43","modified_gmt":"2019-04-04T15:23:43","slug":"senadora-goic-nunca-mas-en-chile-los-delitos-sexuales-contra-menores-quedaran-en-la-impunidad","status":"publish","type":"post","link":"https:\/\/www.radiopresidenteibanez.cl\/web\/senadora-goic-nunca-mas-en-chile-los-delitos-sexuales-contra-menores-quedaran-en-la-impunidad\/","title":{"rendered":"SENADORA GOIC: \u201cNUNCA M\u00c1S EN CHILE LOS DELITOS SEXUALES CONTRA MENORES QUEDAR\u00c1N EN LA IMPUNIDAD\u201d"},"content":{"rendered":"\n<p>Como un momento hist\u00f3rico para las v\u00edctimas, para la\nsociedad civil y para la propia legislaci\u00f3n, calific\u00f3 la senadora&nbsp; Carolina Goic el respaldo un\u00e1nime que entreg\u00f3\nel senado al proyecto de ley \u201cderecho al tiempo\u201d, que declarar\u00e1 imprescriptible\nlos delitos sexuales contra menores.<\/p>\n\n\n\n<p>La parlamentaria destac\u00f3 que esta iniciativa tiene por\nobjeto resaltar la extrema gravedad que, para nuestra legislaci\u00f3n, tienen los\ndelitos de connotaci\u00f3n sexual cometidos en contra de menores, permitiendo a\nquienes han sido v\u00edctimas de estas agresiones denunciar a sus victimarios\ncuando se encuentren realmente preparados para hacerlo y enfrentarlo, sin que\ncorran el peligro que las acciones legales para hacer efectiva la\nresponsabilidad hayan prescrito.<\/p>\n\n\n\n<p>Luego agradeci\u00f3 la generosidad de quienes expusieron los\nrelatos m\u00e1s \u00edntimos y dolorosos, que permiti\u00f3 ver una realidad como sociedad.\nDe paso, resalt\u00f3 los acuerdos alcanzados, agregando que, \u201cel paso que hoy damos\npone a las v\u00edctimas al centro\u201d. Por ello, reiter\u00f3 que se debe avanzar en una\nComisi\u00f3n de Verdad y un programa de acompa\u00f1amiento.<\/p>\n\n\n\n<p>Finalmente dijo que el texto conocido como \u00abderecho al tiempo\u00bb qued\u00f3 listo para cumplir su segundo tr\u00e1mite y asume por primera vez, el desaf\u00edo hist\u00f3rico de evitar la impunidad en este tipo de delitos que afectan la vida de personas que solo cuando son adultas est\u00e1n en condiciones de procesar los abusos sufridos.<\/p>\n\n\n\n<figure class=\"wp-block-image\"><img loading=\"lazy\" decoding=\"async\" width=\"640\" height=\"480\" src=\"http:\/\/www.radiopresidenteibanez.cl\/web\/wp-content\/uploads\/2019\/04\/imprescriptibilidad.jpg\" alt=\"\" class=\"wp-image-3032\" srcset=\"https:\/\/www.radiopresidenteibanez.cl\/web\/wp-content\/uploads\/2019\/04\/imprescriptibilidad.jpg 640w, https:\/\/www.radiopresidenteibanez.cl\/web\/wp-content\/uploads\/2019\/04\/imprescriptibilidad-300x225.jpg 300w\" sizes=\"auto, (max-width: 640px) 100vw, 640px\" \/><\/figure>\n","protected":false},"excerpt":{"rendered":"<p>Como un momento hist\u00f3rico para las v\u00edctimas, para la sociedad civil y para la propia legislaci\u00f3n, calific\u00f3 la senadora&nbsp; Carolina Goic el respaldo un\u00e1nime que entreg\u00f3 el senado al proyecto&#8230; <a class=\"read-more\" href=\"https:\/\/www.radiopresidenteibanez.cl\/web\/senadora-goic-nunca-mas-en-chile-los-delitos-sexuales-contra-menores-quedaran-en-la-impunidad\/\">Leer m\u00e1s<\/a><\/p>\n","protected":false},"author":2,"featured_media":3032,"comment_status":"closed","ping_status":"closed","sticky":false,"template":"","format":"standard","meta":{"footnotes":""},"categories":[1],"tags":[],"class_list":["post-3031","post","type-post","status-publish","format-standard","has-post-thumbnail","hentry","category-cronica"],"_links":{"self":[{"href":"https:\/\/www.radiopresidenteibanez.cl\/web\/wp-json\/wp\/v2\/posts\/3031","targetHints":{"allow":["GET"]}}],"collection":[{"href":"https:\/\/www.radiopresidenteibanez.cl\/web\/wp-json\/wp\/v2\/posts"}],"about":[{"href":"https:\/\/www.radiopresidenteibanez.cl\/web\/wp-json\/wp\/v2\/types\/post"}],"author":[{"embeddable":true,"href":"https:\/\/www.radiopresidenteibanez.cl\/web\/wp-json\/wp\/v2\/users\/2"}],"replies":[{"embeddable":true,"href":"https:\/\/www.radiopresidenteibanez.cl\/web\/wp-json\/wp\/v2\/comments?post=3031"}],"version-history":[{"count":0,"href":"https:\/\/www.radiopresidenteibanez.cl\/web\/wp-json\/wp\/v2\/posts\/3031\/revisions"}],"wp:featuredmedia":[{"embeddable":true,"href":"https:\/\/www.radiopresidenteibanez.cl\/web\/wp-json\/wp\/v2\/media\/3032"}],"wp:attachment":[{"href":"https:\/\/www.radiopresidenteibanez.cl\/web\/wp-json\/wp\/v2\/media?parent=3031"}],"wp:term":[{"taxonomy":"category","embeddable":true,"href":"https:\/\/www.radiopresidenteibanez.cl\/web\/wp-json\/wp\/v2\/categories?post=3031"},{"taxonomy":"post_tag","embeddable":true,"href":"https:\/\/www.radiopresidenteibanez.cl\/web\/wp-json\/wp\/v2\/tags?post=3031"}],"curies":[{"name":"wp","href":"https:\/\/api.w.org\/{rel}","templated":true}]}}