{"id":30258,"date":"2022-06-07T16:49:00","date_gmt":"2022-06-07T19:49:00","guid":{"rendered":"https:\/\/www.radiopresidenteibanez.cl\/web\/?p=30258"},"modified":"2022-06-07T15:21:43","modified_gmt":"2022-06-07T18:21:43","slug":"cerca-del-94-de-los-establecimientos-publicos-del-pais-participaron-en-la-primera-jornada-hacia-una-educacion-no-sexista","status":"publish","type":"post","link":"https:\/\/www.radiopresidenteibanez.cl\/web\/cerca-del-94-de-los-establecimientos-publicos-del-pais-participaron-en-la-primera-jornada-hacia-una-educacion-no-sexista\/","title":{"rendered":"CERCA DEL 94% DE LOS ESTABLECIMIENTOS PUBLICOS DEL PAIS PARTICIPARON EN LA PRIMERA JORNADA HACIA UNA EDUCACION NO SEXISTA"},"content":{"rendered":"\n<p>Como \u201cbuena y muy\nbuena\u201d evaluaron las comunidades educativas la primera Jornada Nacional Hacia\nuna Educaci\u00f3n no Sexista, realizada desde el 19 de abril en diversos\nestablecimientos educacionales tanto municipales, como subvencionados y pagados\ndel pa\u00eds.<\/p>\n\n\n\n<p>En total 1.364\nestablecimientos que imparten ense\u00f1anza media participaron de la iniciativa\nvoluntaria propuesta por el Ministerio de Educaci\u00f3n, que busca abrir espacios\nde di\u00e1logo, respeto y encuentro, y restaurar las confianzas dentro de las\ncomunidades. El sector p\u00fablico destac\u00f3 por su adhesi\u00f3n: de los 859\nestablecimientos de ense\u00f1anza media municipales y de Servicios Locales de Educaci\u00f3n\nque imparten ense\u00f1anza media, 809 participaron de la jornada, lo que\ncorresponde a un 94%.<\/p>\n\n\n\n<p>En esta primera\ninstancia, los establecimientos recibieron orientaciones para los equipos\ndirectivos y docentes, y material pedag\u00f3gico diferenciado para estudiantes de\n7\u00b0 y 8\u00b0; I\u00b0 y II\u00b0 medio; y III\u00b0 y IV\u00b0 medio.<\/p>\n\n\n\n<p>\u201cValoramos el\ncompromiso de estas 1.364 comunidades educativas que se sumaron a esta\niniciativa, comprendiendo la necesidad de avanzar hacia una educaci\u00f3n libre de\ndiscriminaci\u00f3n, sesgos y violencia de g\u00e9nero. Esperamos que para la segunda\njornada que realizaremos este a\u00f1o, podamos contar con m\u00e1s comunidades\ninvolucradas\u201d, expres\u00f3 el ministro de Educaci\u00f3n, Marco Antonio \u00c1vila, quien\ntambi\u00e9n valor\u00f3 que \u201clos equipos directivos y docentes nos han se\u00f1alado que fue\nuna muy buena instancia para avanzar en esta reflexi\u00f3n con las y los\nestudiantes sobre qu\u00e9 significa una educaci\u00f3n no sexista, de qu\u00e9 manera pueden\navanzar en mejores climas escolares y c\u00f3mo entender el respeto entre las\npersonas. Sin duda esto es un precedente para el proyecto de ley de Educaci\u00f3n\nSexual Integral que presentaremos al parlamento\u201d.<\/p>\n\n\n\n<p>Asimismo, la\nministra de la Mujer y la Equidad de G\u00e9nero, Antonia Orellana Guarello, valor\u00f3\nla alta participaci\u00f3n de los establecimientos y sus comunidades y agreg\u00f3 que\n\u201cel desarrollo de esta instancia permite que directores, profesores, asistentes\nde la educaci\u00f3n, estudiantes, padres y apoderados se encuentren y puedan\nconversar respecto de estas tem\u00e1ticas, di\u00e1logos que son&nbsp; fundamentales para avanzar en asegurar que\nnuestros ni\u00f1os, ni\u00f1as y adolescentes puedan aprender, sentirse protegidos,\nfelices, jam\u00e1s discriminados por ser quienes son. Lo que queremos construir son\nescuelas no sexistas, sin sesgos de g\u00e9nero, libres de todo tipo de violencias y\ndiscriminaciones\u201d.<\/p>\n\n\n\n<p>La pr\u00f3xima\nJornada Hacia una Educaci\u00f3n No Sexista se realizar\u00e1 el 4 de agosto y en ella se\ninvitar\u00e1 a participar a estudiantes de todos los niveles, desde educaci\u00f3n\nparvularia a ense\u00f1anza media, con contenidos diferenciados para los distintos\nniveles. La tercera del a\u00f1o se realizar\u00e1 el 3 de noviembre, y en ella se\ninvitar\u00e1 a participar a estudiantes de todos los niveles, docentes, directivos\ny otros profesionales de la educaci\u00f3n.<\/p>\n","protected":false},"excerpt":{"rendered":"<p>Como \u201cbuena y muy buena\u201d evaluaron las comunidades educativas la primera Jornada Nacional Hacia una Educaci\u00f3n no Sexista, realizada desde el 19 de abril en diversos establecimientos educacionales tanto municipales,&#8230; <a class=\"read-more\" href=\"https:\/\/www.radiopresidenteibanez.cl\/web\/cerca-del-94-de-los-establecimientos-publicos-del-pais-participaron-en-la-primera-jornada-hacia-una-educacion-no-sexista\/\">Leer m\u00e1s<\/a><\/p>\n","protected":false},"author":2,"featured_media":30259,"comment_status":"closed","ping_status":"closed","sticky":false,"template":"","format":"standard","meta":{"footnotes":""},"categories":[1],"tags":[],"class_list":["post-30258","post","type-post","status-publish","format-standard","has-post-thumbnail","hentry","category-cronica"],"_links":{"self":[{"href":"https:\/\/www.radiopresidenteibanez.cl\/web\/wp-json\/wp\/v2\/posts\/30258","targetHints":{"allow":["GET"]}}],"collection":[{"href":"https:\/\/www.radiopresidenteibanez.cl\/web\/wp-json\/wp\/v2\/posts"}],"about":[{"href":"https:\/\/www.radiopresidenteibanez.cl\/web\/wp-json\/wp\/v2\/types\/post"}],"author":[{"embeddable":true,"href":"https:\/\/www.radiopresidenteibanez.cl\/web\/wp-json\/wp\/v2\/users\/2"}],"replies":[{"embeddable":true,"href":"https:\/\/www.radiopresidenteibanez.cl\/web\/wp-json\/wp\/v2\/comments?post=30258"}],"version-history":[{"count":0,"href":"https:\/\/www.radiopresidenteibanez.cl\/web\/wp-json\/wp\/v2\/posts\/30258\/revisions"}],"wp:featuredmedia":[{"embeddable":true,"href":"https:\/\/www.radiopresidenteibanez.cl\/web\/wp-json\/wp\/v2\/media\/30259"}],"wp:attachment":[{"href":"https:\/\/www.radiopresidenteibanez.cl\/web\/wp-json\/wp\/v2\/media?parent=30258"}],"wp:term":[{"taxonomy":"category","embeddable":true,"href":"https:\/\/www.radiopresidenteibanez.cl\/web\/wp-json\/wp\/v2\/categories?post=30258"},{"taxonomy":"post_tag","embeddable":true,"href":"https:\/\/www.radiopresidenteibanez.cl\/web\/wp-json\/wp\/v2\/tags?post=30258"}],"curies":[{"name":"wp","href":"https:\/\/api.w.org\/{rel}","templated":true}]}}