{"id":30255,"date":"2022-06-07T15:37:00","date_gmt":"2022-06-07T18:37:00","guid":{"rendered":"https:\/\/www.radiopresidenteibanez.cl\/web\/?p=30255"},"modified":"2022-06-07T15:15:53","modified_gmt":"2022-06-07T18:15:53","slug":"minagri-lanza-30a-version-del-concurso-historias-de-nuestra-tierra-que-releva-la-cultura-rural-de-chile","status":"publish","type":"post","link":"https:\/\/www.radiopresidenteibanez.cl\/web\/minagri-lanza-30a-version-del-concurso-historias-de-nuestra-tierra-que-releva-la-cultura-rural-de-chile\/","title":{"rendered":"MINAGRI LANZA 30a VERSION DEL CONCURSO HISTORIAS DE NUESTRA TIERRA QUE RELEVA LA CULTURA RURAL DE CHILE"},"content":{"rendered":"\n<p>Irene Ram\u00edrez M\u00e9rida, Seremi de\nAgricultura, manifest\u00f3 que &nbsp;a trav\u00e9s de la Fundaci\u00f3n de\nComunicaciones, Capacitaci\u00f3n y Cultura del Agro, FUCOA, del ministerio de\nagricultura la semana reci\u00e9n pasada se dio inicio a la convocatoria 2022 del\nconcurso Historias de Nuestra Tierra, que cumple 30 a\u00f1os relevando y poniendo\nen valor la cultura rural a lo largo del pa\u00eds, rescatando aquellos relatos,\nmitos, leyendas e im\u00e1genes propias del campo chileno.<\/p>\n\n\n\n<p>El certamen, invita a ni\u00f1as, ni\u00f1os, j\u00f3venes y adultos de\ntodo el pa\u00eds a participar a trav\u00e9s de sus categor\u00edas de Cuento (todo p\u00fablico),\nPoema (todo p\u00fablico), Dibujo (estudiantes de ense\u00f1anza b\u00e1sica y media) y\nFotograf\u00eda (mayores de 18 a\u00f1os).<\/p>\n\n\n\n<p>El lanzamiento se realiz\u00f3 a trav\u00e9s de una ceremonia online\nque fue encabezada por el ministro Esteban Valenzuela, junto al director\nejecutivo de FUCOA, Claudio Urtubia, donde tambi\u00e9n se reconocieron a los 46\nganadores y ganadoras nacionales del certamen 2021 en todas sus categor\u00edas,\njunto con los premios especiales.<\/p>\n\n\n\n<p>\u201cQuiero agradecer a tantas personas que aman las historias\nde nuestra maravillosa diversidad regional, territorial y nacional, y que estas\nhistorias las valoren y cientos se animen todos los a\u00f1os, hace ya tres d\u00e9cadas,\na participar en este concurso maravilloso que organiza FUCOA, con la relevancia\nde valorar los relatos y la subjetividad de este mosaico territorial que somos,\ncon la esperanza, la cotidianidad, la alegr\u00eda, los dolores y tambi\u00e9n los\nsue\u00f1os. Felicito a los ganadores y a quienes participaron, y haremos la m\u00e1xima\ndifusi\u00f3n para comunicar y compartir estas maravillosas historias que nos\nregalan\u201d. Con estas palabras, el ministro de Agricultura, Esteban Valenzuela, inicio\nla convocatoria 2022 del concurso Historias de Nuestra Tierra, que cumple 30\na\u00f1os relevando y poniendo en valor la cultura rural a lo largo del pa\u00eds,\nrescatando aquellos relatos, mitos, leyendas e im\u00e1genes propias del campo\nchileno.<\/p>\n\n\n\n<p><br>\nAndrea Carvajal, profesora de educaci\u00f3n b\u00e1sica de Alto Hospicio, regi\u00f3n de\nTarapac\u00e1, obtuvo el primer lugar nacional en la categor\u00eda Poema con su obra \u201cJuyra\nWarmi\u201d. En la oportunidad, explic\u00f3 que se dedica a realizar clases de lengua\naymara en el colegio Monte Carmelo y eso la ha motivado principalmente a crear\nmaterial did\u00e1ctico y sobre todo literario, para llegar a los ni\u00f1os y ni\u00f1as.\n\u201cDentro de ese impulso creativo realic\u00e9 este poema que result\u00f3 ganador, que\nhabla de las mujeres aymara y la relaci\u00f3n que tienen con la tierra, con la\npachamama, con implantar una semilla en ella, que tambi\u00e9n es mujer, es f\u00e9rtil.\nQuiero agradecer este espacio, al jurado y la organizaci\u00f3n misma, por dar esta\noportunidad a mujeres, hombres, ni\u00f1os, j\u00f3venes, para dejar nuestro granito de\narena, este aporte creativo\u201d, expres\u00f3.<\/p>\n\n\n\n<p>Por su parte, Claudio Urtubia relev\u00f3 la importancia de la\nrealizaci\u00f3n de este tradicional concurso y felicit\u00f3 a los ganadores y ganadoras\nde la versi\u00f3n 2021. \u201cAqu\u00ed hay m\u00e1s cosecha que solo la que sale de hortalizas y\nfrutas de nuestra tierra. Aqu\u00ed hay un fruto que nace de la relaci\u00f3n que tenemos\ntodos, sea que escribamos desde la ciudad o desde el propio mundo rural, con el\nterritorio, con la tierra que nos da esos frutos que llegan a nuestras mesas\ncada d\u00eda. Y ese gran valor que tiene este concurso, que se demuestra adem\u00e1s en\nque cumple 30 a\u00f1os, implica darle toda la fuerza para que Historias de Nuestra\nTierra sea esta segunda gran cosecha del mundo rural, en que anunciamos desde\ncada uno de los lugares donde ustedes est\u00e1n, desde FUCOA y desde el Ministerio\nde Agricultura, que aqu\u00ed hay creatividad que va a seguir. Y esa creatividad se\nplasma en esta nueva convocatoria que estamos lanzando hoy\u201d, se\u00f1al\u00f3.<\/p>\n\n\n\n<p><br> Cabe destacar que el jurado del certamen lo constituyen reconocidas personas del \u00e1mbito cultural de Chile, como Sonia Montecino, escritora y antrop\u00f3loga, Premio Nacional de Humanidades y Ciencias Sociales (2013); Elicura Chihuailaf, poeta y Premio Nacional de Literatura (2020); Osvaldo C\u00e1diz, investigador del folclore y director acad\u00e9mico de la Academia Nacional de Cultura Tradicional Margot Loyola; y H\u00e9ctor Velis-Mesa, profesor de oratoria y autor de diversos libros de divulgaci\u00f3n del lenguaje y las costumbres, entre otros.<\/p>\n\n\n\n<p><br> Con los resultados del concurso, cada a\u00f1o FUCOA edita dos libros: \u201cAntolog\u00eda\u201d y \u201cMe lo contaron mis abuelitos\u201d. El primero re\u00fane las obras ganadoras tanto nacionales como regionales de las categor\u00edas Cuento, Poema, Dibujo y Fotograf\u00eda, mientras que el segundo recopila los cuentos ganadores escritos por menores de 14 a\u00f1os y los dibujos realizados por estudiantes de ense\u00f1anza b\u00e1sica y media. Ambas publicaciones se distribuyen en las bibliotecas de la Red Nacional de Bibliotecas P\u00fablicas.<\/p>\n","protected":false},"excerpt":{"rendered":"<p>Irene Ram\u00edrez M\u00e9rida, Seremi de Agricultura, manifest\u00f3 que &nbsp;a trav\u00e9s de la Fundaci\u00f3n de Comunicaciones, Capacitaci\u00f3n y Cultura del Agro, FUCOA, del ministerio de agricultura la semana reci\u00e9n pasada se&#8230; <a class=\"read-more\" href=\"https:\/\/www.radiopresidenteibanez.cl\/web\/minagri-lanza-30a-version-del-concurso-historias-de-nuestra-tierra-que-releva-la-cultura-rural-de-chile\/\">Leer m\u00e1s<\/a><\/p>\n","protected":false},"author":2,"featured_media":30256,"comment_status":"closed","ping_status":"closed","sticky":false,"template":"","format":"standard","meta":{"footnotes":""},"categories":[1],"tags":[],"class_list":["post-30255","post","type-post","status-publish","format-standard","has-post-thumbnail","hentry","category-cronica"],"_links":{"self":[{"href":"https:\/\/www.radiopresidenteibanez.cl\/web\/wp-json\/wp\/v2\/posts\/30255","targetHints":{"allow":["GET"]}}],"collection":[{"href":"https:\/\/www.radiopresidenteibanez.cl\/web\/wp-json\/wp\/v2\/posts"}],"about":[{"href":"https:\/\/www.radiopresidenteibanez.cl\/web\/wp-json\/wp\/v2\/types\/post"}],"author":[{"embeddable":true,"href":"https:\/\/www.radiopresidenteibanez.cl\/web\/wp-json\/wp\/v2\/users\/2"}],"replies":[{"embeddable":true,"href":"https:\/\/www.radiopresidenteibanez.cl\/web\/wp-json\/wp\/v2\/comments?post=30255"}],"version-history":[{"count":0,"href":"https:\/\/www.radiopresidenteibanez.cl\/web\/wp-json\/wp\/v2\/posts\/30255\/revisions"}],"wp:featuredmedia":[{"embeddable":true,"href":"https:\/\/www.radiopresidenteibanez.cl\/web\/wp-json\/wp\/v2\/media\/30256"}],"wp:attachment":[{"href":"https:\/\/www.radiopresidenteibanez.cl\/web\/wp-json\/wp\/v2\/media?parent=30255"}],"wp:term":[{"taxonomy":"category","embeddable":true,"href":"https:\/\/www.radiopresidenteibanez.cl\/web\/wp-json\/wp\/v2\/categories?post=30255"},{"taxonomy":"post_tag","embeddable":true,"href":"https:\/\/www.radiopresidenteibanez.cl\/web\/wp-json\/wp\/v2\/tags?post=30255"}],"curies":[{"name":"wp","href":"https:\/\/api.w.org\/{rel}","templated":true}]}}