{"id":3025,"date":"2019-04-04T15:04:10","date_gmt":"2019-04-04T15:04:10","guid":{"rendered":"http:\/\/www.radiopresidenteibanez.cl\/web\/?p=3025"},"modified":"2019-04-04T15:04:29","modified_gmt":"2019-04-04T15:04:29","slug":"gobierno-impulsa-nuevo-operativo-extraordinario-de-carabineros","status":"publish","type":"post","link":"https:\/\/www.radiopresidenteibanez.cl\/web\/gobierno-impulsa-nuevo-operativo-extraordinario-de-carabineros\/","title":{"rendered":"GOBIERNO IMPULSA NUEVO OPERATIVO EXTRAORDINARIO DE CARABINEROS"},"content":{"rendered":"\n<p>Un nuevo operativo extraordinario que esta vez apuntar\u00e1 especialmente a la prevenci\u00f3n de delitos en los barrios que presentan mayor frecuencia de casos policiales, dio a conocer hoy Carabineros, extendi\u00e9ndose estas rondas hasta el pr\u00f3ximo s\u00e1bado.<\/p>\n\n\n\n<p>Con la formaci\u00f3n de los polic\u00edas en la Plaza de Armas Benjam\u00edn Mu\u00f1oz Gamero, el intendente Jos\u00e9 Fern\u00e1ndez D\u00fcbrock lider\u00f3 el inicio del servicio preventivo, que cont\u00f3 tambi\u00e9n con la asistencia de la coordinadora regional de Seguridad P\u00fablica, Jennifer Rojas; del gobernador de Magallanes, Homero Villegas; del jefe de la XII Zona de Carabineros, general Roberto Machuca; y de la alcaldesa (s) de Punta Arenas, Elena Blackwood.<\/p>\n\n\n\n<p>La primera autoridad regional manifest\u00f3 que \u201cpara el Gobierno la seguridad de la ciudadan\u00eda es un punto muy importante, y que carabineros realice estas rondas, donde est\u00e1 fortaleciendo la labor diaria que hacen, tambi\u00e9n es un punto importante porque demuestra que hay preocupaci\u00f3n por parte del Gobierno que las instituciones policiales, ya sea Carabineros y PDI, salgan a la calle para hacer prevenci\u00f3n\u201d, destac\u00f3, y llam\u00f3 a la ciudadan\u00eda a no interpretar como que se est\u00e1 estigmatizando alg\u00fan sector de la poblaci\u00f3n, porque \u201cal contrario, es para que sientan la seguridad de que carabineros les est\u00e1 resguardando su bienestar\u201d, dijo Fern\u00e1ndez D\u00fcbrock.<\/p>\n\n\n\n<p>Por su parte, el general Machuca agradeci\u00f3 la compa\u00f1\u00eda y el apoyo de las autoridades en el inicio de este operativo,&nbsp; y manifest\u00f3 que \u201cesta ronda que se hace a nivel nacional la estamos realizando a contar de este momento de forma oficial,(\u2026) y dentro de los objetivos primordiales est\u00e1 mejorar la percepci\u00f3n de seguridad, habr\u00e1 mucho control, no solamente en lugares espec\u00edficos, vamos a abarcar la comuna, tambi\u00e9n con las otras comisarias, porque como Prefectura nos convoca la regi\u00f3n completa\u201d, afirm\u00f3 el jefe de Zona, agregando que \u201cquiero transmitir a la gente que se sienta tranquila, que estamos redoblando los esfuerzos para que ellos puedan hacer sus cosas tanto de d\u00eda como de noche, pedir responsabilidad en la conducci\u00f3n de los veh\u00edculos, pueden divertirse con responsabilidad, porque no va haber tolerancia con respecto a la ingesta de bebidas alcoh\u00f3licas\u201d, subray\u00f3.<\/p>\n\n\n\n<p>Agreg\u00f3 el general Machuca que esta ronda es extraordinaria, por lo tanto \u201cse refuerza el personal que cubre los cuadrantes, participa Fuerzas Especiales, unidades especializadas, no menos de 40 funcionarios en esta ciudad, y es para reforzar lo que ya est\u00e1 aplicado en el plan cuadrante\u201d, enfatiz\u00f3.<\/p>\n\n\n\n<p>La coordinadora regional de Seguridad P\u00fablica, Jennifer Rojas, expres\u00f3 que este \u201ces un nuevo servicio extraordinario que se suma a la gran labor que realiza Carabineros de Chile, y como lo se\u00f1al\u00f3 el Presidente Sebasti\u00e1n Pi\u00f1era, debemos devolver el derecho a vivir en paz a los magall\u00e1nicos, y hemos atendido ese llamado,\u00a0y hoy este servicio extraordinario, adem\u00e1s, se focaliza en los sectores denominados m\u00e1s cr\u00edticos, es decir, donde hemos recibido mayor cantidad de denuncia, donde se han cometidos mayores actos delictuales\u201d, puntualiz\u00f3 la autoridad.<\/p>\n\n\n\n<figure class=\"wp-block-image\"><img loading=\"lazy\" decoding=\"async\" width=\"1024\" height=\"682\" src=\"https:\/\/www.radiopresidenteibanez.cl\/web\/wp-content\/uploads\/2019\/04\/Foto-operativo-abril-1024x682.jpg\" alt=\"\" class=\"wp-image-3026\" srcset=\"https:\/\/www.radiopresidenteibanez.cl\/web\/wp-content\/uploads\/2019\/04\/Foto-operativo-abril-1024x682.jpg 1024w, https:\/\/www.radiopresidenteibanez.cl\/web\/wp-content\/uploads\/2019\/04\/Foto-operativo-abril-300x200.jpg 300w, https:\/\/www.radiopresidenteibanez.cl\/web\/wp-content\/uploads\/2019\/04\/Foto-operativo-abril-768x512.jpg 768w, https:\/\/www.radiopresidenteibanez.cl\/web\/wp-content\/uploads\/2019\/04\/Foto-operativo-abril.jpg 1280w\" sizes=\"auto, (max-width: 1024px) 100vw, 1024px\" \/><\/figure>\n","protected":false},"excerpt":{"rendered":"<p>Un nuevo operativo extraordinario que esta vez apuntar\u00e1 especialmente a la prevenci\u00f3n de delitos en los barrios que presentan mayor frecuencia de casos policiales, dio a conocer hoy Carabineros, extendi\u00e9ndose&#8230; <a class=\"read-more\" href=\"https:\/\/www.radiopresidenteibanez.cl\/web\/gobierno-impulsa-nuevo-operativo-extraordinario-de-carabineros\/\">Leer m\u00e1s<\/a><\/p>\n","protected":false},"author":2,"featured_media":3026,"comment_status":"closed","ping_status":"closed","sticky":false,"template":"","format":"standard","meta":{"footnotes":""},"categories":[1],"tags":[],"class_list":["post-3025","post","type-post","status-publish","format-standard","has-post-thumbnail","hentry","category-cronica"],"_links":{"self":[{"href":"https:\/\/www.radiopresidenteibanez.cl\/web\/wp-json\/wp\/v2\/posts\/3025","targetHints":{"allow":["GET"]}}],"collection":[{"href":"https:\/\/www.radiopresidenteibanez.cl\/web\/wp-json\/wp\/v2\/posts"}],"about":[{"href":"https:\/\/www.radiopresidenteibanez.cl\/web\/wp-json\/wp\/v2\/types\/post"}],"author":[{"embeddable":true,"href":"https:\/\/www.radiopresidenteibanez.cl\/web\/wp-json\/wp\/v2\/users\/2"}],"replies":[{"embeddable":true,"href":"https:\/\/www.radiopresidenteibanez.cl\/web\/wp-json\/wp\/v2\/comments?post=3025"}],"version-history":[{"count":0,"href":"https:\/\/www.radiopresidenteibanez.cl\/web\/wp-json\/wp\/v2\/posts\/3025\/revisions"}],"wp:featuredmedia":[{"embeddable":true,"href":"https:\/\/www.radiopresidenteibanez.cl\/web\/wp-json\/wp\/v2\/media\/3026"}],"wp:attachment":[{"href":"https:\/\/www.radiopresidenteibanez.cl\/web\/wp-json\/wp\/v2\/media?parent=3025"}],"wp:term":[{"taxonomy":"category","embeddable":true,"href":"https:\/\/www.radiopresidenteibanez.cl\/web\/wp-json\/wp\/v2\/categories?post=3025"},{"taxonomy":"post_tag","embeddable":true,"href":"https:\/\/www.radiopresidenteibanez.cl\/web\/wp-json\/wp\/v2\/tags?post=3025"}],"curies":[{"name":"wp","href":"https:\/\/api.w.org\/{rel}","templated":true}]}}