{"id":30225,"date":"2022-06-06T16:39:00","date_gmt":"2022-06-06T19:39:00","guid":{"rendered":"https:\/\/www.radiopresidenteibanez.cl\/web\/?p=30225"},"modified":"2022-06-06T16:54:23","modified_gmt":"2022-06-06T19:54:23","slug":"sindicato-trabajadores-de-existe-una-deuda-historica-con-las-condiciones-laborales-de-los-trabajadores-contratistas-al-interior-de-enap","status":"publish","type":"post","link":"https:\/\/www.radiopresidenteibanez.cl\/web\/sindicato-trabajadores-de-existe-una-deuda-historica-con-las-condiciones-laborales-de-los-trabajadores-contratistas-al-interior-de-enap\/","title":{"rendered":"SINDICATO TRABAJADORES DE : \u201cEXISTE UNA DEUDA HISTORICA CON LAS CONDICIONES LABORALES DE LOS TRABAJADORES CONTRATISTAS AL INTERIOR DE  ENAP\u201d"},"content":{"rendered":"\n<p><em>El pasado jueves 2 de junio en la comuna de Hualp\u00e9n -VIII\nRegi\u00f3n- sesion\u00f3 de manera extraordinaria, la Comisi\u00f3n de Miner\u00eda y Energ\u00eda del\nSenado presidida por Mar\u00eda Loreto Carvajal. En dicha sesi\u00f3n fue convocado el presidente\ndel Sindicato de trabajadores ENAP Magallanes, Carlos Aro Vel\u00e1squez, qui\u00e9n\nparticipo activamente de esta comisi\u00f3n entregando el saludo y la solidaridad de\nlos petroleros de Magallanes con los trabajadores contratistas de FENATRASUB,\nque prestan servicios a las estatal en la refiner\u00eda B\u00edo B\u00edo. Aro, fue enf\u00e1tico\nen se\u00f1alar: \u201cQueremos entregar nuestro m\u00e1s absoluto respaldo y apoyo a los\ncompa\u00f1eros contratistas y a sus dirigentes Sindicales en momentos dif\u00edciles que\nest\u00e1n viviendo, de mucha tensi\u00f3n y contenci\u00f3n ante una paralizaci\u00f3n que se\nmantiene desde el 7 de mayo con cerca de 300 socios de distintas empresas\u201d. <\/em><\/p>\n\n\n\n<p><em>Es en ese marco de tensi\u00f3n, donde los dirigentes\nsindicales denunciaron la falta de inter\u00e9s de ENAP como empresa mandante por\nestablecer un dialogo que se funde en mejores relaciones laborales y apuntar a\nla calidad de vida de estos trabajadores. \u201cEs por ello que desde las bases\nsindicales desde Magallanes, hemos venido a defender sus derechos y esperamos\nuna pronta soluci\u00f3n. Ya que estaremos en alerta, de c\u00f3mo vayan sucediendo las\ncosas\u201d, apunt\u00f3 el l\u00edder sindical. <\/em><\/p>\n\n\n\n<p><em>&nbsp;ENAP, que es\nuna empresa del estados de todas y todos los chilenos se encuentra en deuda\nhist\u00f3rica con los trabajadores contratistas y no han estado a la altura de\nestablecer mecanismos de encuentro y apoyo. &nbsp;\u201cLa administraci\u00f3n de ENAP, tanto en su\ndirectorio como altos ejecutivos deben abordar todo conflicto que signifiquen\nalteraciones a sus operaciones como su prestigio.\u201d <\/em><\/p>\n\n\n\n<p><em>En Magallanes, esta experiencia nos obliga a ser m\u00e1s rigurosos\nya que como sindicato hemos estados apoyando y en la pelea con nuestros\ntrabajadores contratistas, como en el caso de mediciones Geolec y esta vez no\nser\u00e1 de distinta forma y apoyaremos con todas nuestras fuerzas a los\ntrabajadores de FENATRASUB. &nbsp;\u201cTodos los\nd\u00edas vemos como se externalizan \u00e1reas cr\u00edticas importantes de manera imprudente\ny sin mayor an\u00e1lisis por el solo hecho de cumplir a cualquier costo los\nresultados, lo que evidentemente significa debilitar las funciones operativas\nentreg\u00e1ndoselas a externos. Esta actitud entreguista, se ha convertido en un\nremedio permanente que termina esquivando grados de responsabilidad directa y\nprecarizando las labores de los trabajadores contratistas\u201d, finaliz\u00f3 diciendo\nel m\u00e1ximo l\u00edder de los petroleros.&nbsp; <\/em><\/p>\n","protected":false},"excerpt":{"rendered":"<p>El pasado jueves 2 de junio en la comuna de Hualp\u00e9n -VIII Regi\u00f3n- sesion\u00f3 de manera extraordinaria, la Comisi\u00f3n de Miner\u00eda y Energ\u00eda del Senado presidida por Mar\u00eda Loreto Carvajal&#8230;. <a class=\"read-more\" href=\"https:\/\/www.radiopresidenteibanez.cl\/web\/sindicato-trabajadores-de-existe-una-deuda-historica-con-las-condiciones-laborales-de-los-trabajadores-contratistas-al-interior-de-enap\/\">Leer m\u00e1s<\/a><\/p>\n","protected":false},"author":2,"featured_media":30226,"comment_status":"closed","ping_status":"closed","sticky":false,"template":"","format":"standard","meta":{"footnotes":""},"categories":[1],"tags":[],"class_list":["post-30225","post","type-post","status-publish","format-standard","has-post-thumbnail","hentry","category-cronica"],"_links":{"self":[{"href":"https:\/\/www.radiopresidenteibanez.cl\/web\/wp-json\/wp\/v2\/posts\/30225","targetHints":{"allow":["GET"]}}],"collection":[{"href":"https:\/\/www.radiopresidenteibanez.cl\/web\/wp-json\/wp\/v2\/posts"}],"about":[{"href":"https:\/\/www.radiopresidenteibanez.cl\/web\/wp-json\/wp\/v2\/types\/post"}],"author":[{"embeddable":true,"href":"https:\/\/www.radiopresidenteibanez.cl\/web\/wp-json\/wp\/v2\/users\/2"}],"replies":[{"embeddable":true,"href":"https:\/\/www.radiopresidenteibanez.cl\/web\/wp-json\/wp\/v2\/comments?post=30225"}],"version-history":[{"count":0,"href":"https:\/\/www.radiopresidenteibanez.cl\/web\/wp-json\/wp\/v2\/posts\/30225\/revisions"}],"wp:featuredmedia":[{"embeddable":true,"href":"https:\/\/www.radiopresidenteibanez.cl\/web\/wp-json\/wp\/v2\/media\/30226"}],"wp:attachment":[{"href":"https:\/\/www.radiopresidenteibanez.cl\/web\/wp-json\/wp\/v2\/media?parent=30225"}],"wp:term":[{"taxonomy":"category","embeddable":true,"href":"https:\/\/www.radiopresidenteibanez.cl\/web\/wp-json\/wp\/v2\/categories?post=30225"},{"taxonomy":"post_tag","embeddable":true,"href":"https:\/\/www.radiopresidenteibanez.cl\/web\/wp-json\/wp\/v2\/tags?post=30225"}],"curies":[{"name":"wp","href":"https:\/\/api.w.org\/{rel}","templated":true}]}}