{"id":30187,"date":"2022-06-05T12:38:22","date_gmt":"2022-06-05T15:38:22","guid":{"rendered":"https:\/\/www.radiopresidenteibanez.cl\/web\/?p=30187"},"modified":"2022-06-05T12:38:28","modified_gmt":"2022-06-05T15:38:28","slug":"conaf-realizara-taller-participativo-para-identificar-usos-potenciales-del-parque-nacional-y-reserva-nacional-kawesqar","status":"publish","type":"post","link":"https:\/\/www.radiopresidenteibanez.cl\/web\/conaf-realizara-taller-participativo-para-identificar-usos-potenciales-del-parque-nacional-y-reserva-nacional-kawesqar\/","title":{"rendered":"CONAF REALIZARA TALLER PARTICIPATIVO PARA IDENTIFICAR USOS POTENCIALES DEL PARQUE NACIONAL Y RESERVA NACIONAL KAWESQAR"},"content":{"rendered":"\n<p>La Corporaci\u00f3n\nNacional Forestal (CONAF) en Magallanes realizar\u00e1&nbsp; este lunes un taller presencial para\nidentificar usos actuales y potenciales del Parque Nacional y Reserva Nacional\nKaw\u00e9sqar, en el marco de elaboraci\u00f3n de los Planes de Manejo para dichas \u00e1reas\nprotegidas.<\/p>\n\n\n\n<p>Este taller\nparticipativo se realizar\u00e1 de manera ampliada en Puerto Natales y Punta Arenas,\nconsiderando la participaci\u00f3n de organizaciones de la sociedad civil,\nasociaciones, gremios, servicios p\u00fablicos y ciudadan\u00eda en general. <\/p>\n\n\n\n<p>Para la ciudad de\nPunta Arenas, el taller ampliado se llevar\u00e1 a cabo el d\u00eda lunes 6 de junio a\ncontar de las 17:00 horas, en el Auditorio Ernesto Livacic de la Universidad de\nMagallanes, mientras que para la ciudad de Puerto Natales, se realizar\u00e1 el\njueves 9 de junio a las 14:30 en la Junta de Vecinos Andres Bello, Av. Bulnes\n1285,.<\/p>\n\n\n\n<p>Las personas u\norganizaciones interesadas en participan deben escribir al correo\njoaquin.almonacid@conaf cl<\/p>\n","protected":false},"excerpt":{"rendered":"<p>La Corporaci\u00f3n Nacional Forestal (CONAF) en Magallanes realizar\u00e1&nbsp; este lunes un taller presencial para identificar usos actuales y potenciales del Parque Nacional y Reserva Nacional Kaw\u00e9sqar, en el marco de&#8230; <a class=\"read-more\" href=\"https:\/\/www.radiopresidenteibanez.cl\/web\/conaf-realizara-taller-participativo-para-identificar-usos-potenciales-del-parque-nacional-y-reserva-nacional-kawesqar\/\">Leer m\u00e1s<\/a><\/p>\n","protected":false},"author":2,"featured_media":30188,"comment_status":"closed","ping_status":"closed","sticky":false,"template":"","format":"standard","meta":{"footnotes":""},"categories":[1],"tags":[],"class_list":["post-30187","post","type-post","status-publish","format-standard","has-post-thumbnail","hentry","category-cronica"],"_links":{"self":[{"href":"https:\/\/www.radiopresidenteibanez.cl\/web\/wp-json\/wp\/v2\/posts\/30187","targetHints":{"allow":["GET"]}}],"collection":[{"href":"https:\/\/www.radiopresidenteibanez.cl\/web\/wp-json\/wp\/v2\/posts"}],"about":[{"href":"https:\/\/www.radiopresidenteibanez.cl\/web\/wp-json\/wp\/v2\/types\/post"}],"author":[{"embeddable":true,"href":"https:\/\/www.radiopresidenteibanez.cl\/web\/wp-json\/wp\/v2\/users\/2"}],"replies":[{"embeddable":true,"href":"https:\/\/www.radiopresidenteibanez.cl\/web\/wp-json\/wp\/v2\/comments?post=30187"}],"version-history":[{"count":0,"href":"https:\/\/www.radiopresidenteibanez.cl\/web\/wp-json\/wp\/v2\/posts\/30187\/revisions"}],"wp:featuredmedia":[{"embeddable":true,"href":"https:\/\/www.radiopresidenteibanez.cl\/web\/wp-json\/wp\/v2\/media\/30188"}],"wp:attachment":[{"href":"https:\/\/www.radiopresidenteibanez.cl\/web\/wp-json\/wp\/v2\/media?parent=30187"}],"wp:term":[{"taxonomy":"category","embeddable":true,"href":"https:\/\/www.radiopresidenteibanez.cl\/web\/wp-json\/wp\/v2\/categories?post=30187"},{"taxonomy":"post_tag","embeddable":true,"href":"https:\/\/www.radiopresidenteibanez.cl\/web\/wp-json\/wp\/v2\/tags?post=30187"}],"curies":[{"name":"wp","href":"https:\/\/api.w.org\/{rel}","templated":true}]}}