{"id":3018,"date":"2019-04-04T14:46:49","date_gmt":"2019-04-04T14:46:49","guid":{"rendered":"http:\/\/www.radiopresidenteibanez.cl\/web\/?p=3018"},"modified":"2019-04-04T14:47:16","modified_gmt":"2019-04-04T14:47:16","slug":"sucursal-inclusiva-de-ips-beneficiara-a-mas-de-39-mil-usuarios-regionales","status":"publish","type":"post","link":"https:\/\/www.radiopresidenteibanez.cl\/web\/sucursal-inclusiva-de-ips-beneficiara-a-mas-de-39-mil-usuarios-regionales\/","title":{"rendered":"SUCURSAL INCLUSIVA DE IPS BENEFICIAR\u00c1 A M\u00c1S DE 39 MIL USUARIOS REGIONALES"},"content":{"rendered":"\n<p>El Instituto de Previsi\u00f3n Social (IPS) y su plataforma de\natenci\u00f3n llamada ChileAtiende, siguen creciendo, tanto a nivel nacional como\nregional. Esto se ha traducido en un mejoramiento de la atenci\u00f3n a sus\nusuarios, adem\u00e1s de la incorporaci\u00f3n de nuevos tr\u00e1mites disponibles a trav\u00e9s de\nla alianza con otras instituciones y una optimizaci\u00f3n de sus redes de atenci\u00f3n.<\/p>\n\n\n\n<p>En Magallanes, esto ya es visible para quienes se han\nacercado a la sucursal, luego de la habilitaci\u00f3n e inauguraci\u00f3n oficial de la \u201cSucursal\nInclusiva\u201d de ChileAtiende regional, la cual, a partir de una inversi\u00f3n de 46\nmillones de pesos, hoy cuenta con diversos beneficios, tales como una sala de\nlactancia, m\u00f3dulos de videointerpretaci\u00f3n, sector infantil, zona de carga de\ncelulares y ba\u00f1o universal\/Inclusivo, entre sus principales novedades.<\/p>\n\n\n\n<p>Todo esto significar\u00e1, de acuerdo a la proyecci\u00f3n de la\nautoridad laboral, en beneficios para m\u00e1s de 39 mil usuarios magall\u00e1nicos que\nreciben los servicios de IPS o que acuden a realizar sus tr\u00e1mites a esta\nplataforma, seg\u00fan lo inform\u00f3 la Seremi del Trabajo, Victoria Cort\u00e9s Schiattino.<\/p>\n\n\n\n<p>\u201cTenemos la gran fortuna de invitar a los usuarios de\nChileAtiende en Magallanes a acercarse a nuestra renovada plataforma de\natenci\u00f3n. Con la puesta en marcha oficial de nuestra sucursal inclusiva, ya son\n23 las sucursales de esta \u00edndole a nivel pa\u00eds, gracias a lo cual, en la regi\u00f3n\nesperamos poder beneficiar a m\u00e1s de 39 mil usuarios y a nivel nacional se\nproyecta superar los 9 millones de atenciones y tr\u00e1mites\u201d, especific\u00f3 la\ntitular del Trabajo.<\/p>\n\n\n\n<p>Esto \u201cresulta especialmente\nvalioso en localidades donde no est\u00e1n todos los servicios p\u00fablicos, en las\ncuales ChileAtiende juega un rol fundamental para orientar a la ciudadan\u00eda, lo\nque tambi\u00e9n contribuye a ahorrar tiempo y dinero a las personas\u201d, agreg\u00f3,\nrefiri\u00e9ndose a las sucursales provinciales del servicio, las cuales apoyan la\nrealizaci\u00f3n de tr\u00e1mites a trav\u00e9s de los convenios que tiene IPS con diferentes\ninstituciones, tales como Fonasa, Registro Civil y otras.<\/p>\n\n\n\n<p>Seg\u00fan explic\u00f3 la autoridad, se trata de un modelo de atenci\u00f3n inclusivo que incorpora a personas en situaci\u00f3n de\ndiscapacidad (auditiva, visual, motriz), migrantes, adultos mayores, padres y\nmadres con ni\u00f1os peque\u00f1os y que considera pertinencia cultural (pueblos\noriginarios), entre otras medidas de inclusi\u00f3n. <\/p>\n\n\n\n<p>Esta iniciativa fue la que dio vida a los 23 centros de atenci\u00f3n\ninclusivos ya inaugurados, de un total de 40 a nivel nacional, dentro de los\ncuales se encuentra la sucursal de Punta Arenas que hoy, tras su habilitaci\u00f3n,\ncuenta con una Sala de lactancia, m\u00f3dulo de videointerpretaci\u00f3n, Sector\nInfantil, Ba\u00f1o Universal\/Inclusivo, Zona de carga de celulares, entre las\nprincipales mejoras.<\/p>\n\n\n\n<p>\u201cSe busca que la atenci\u00f3n sea lo m\u00e1s oportuna y eficaz posible. Al\ningresar al servicio el usuario es recibido por un ejecutivo de sala que al\nenfrentar cualquiera de estas situaciones, ya sea una persona que habla otro\nidioma, como ingl\u00e9s, creole, mapudungun o lengua de se\u00f1as, ingresa su rut, e\ninmediatamente solicita atenci\u00f3n asistida y deriva autom\u00e1ticamente al m\u00f3dulo 14\nhabilitado con la herramienta de videoconferencia que opera con un sistema de\nvideointerpretaci\u00f3n para ejecutar su atenci\u00f3n\u201d, explic\u00f3 Cort\u00e9s.<\/p>\n\n\n\n<p>\u201cLa red de atenci\u00f3n ChileAtiende\njuega un rol relevante en facilitar los servicios del Estado a la ciudadan\u00eda.\nNuestro objetivo es orientar y entregar diversas atenciones, dentro del marco\nde convenios vigentes con 27 instituciones. Queremos hacer m\u00e1s f\u00e1cil y\naccesible la interacci\u00f3n entre el Estado y las personas, y para eso contamos\ncon 04 sucursales de atenci\u00f3n en esta regi\u00f3n de Magallanes; Punta Arenas,\nPuerto Natales, Porvenir y Puerto Williams.&nbsp;\nY, para este a\u00f1o 2019 esperamos alcanzar un total de m\u00e1s de 9 millones\nde atenciones en todo el pa\u00eds\u201d, indic\u00f3 la directora regional (s) del IPS\nMagallanes, Julia Mu\u00f1oz Canales.<\/p>\n\n\n\n<p>Actualmente, en estas sucursales es posible realizar m\u00e1s de 240 tr\u00e1mites de 28 instituciones. Esto considera tanto los servicios del Instituto de Previsi\u00f3n Social (IPS) como de un conjunto de instituciones p\u00fablicas en convenio con la instituci\u00f3n, lo que incluye tr\u00e1mites del Pilar Solidario del Sistema de Pensiones, bonos FONASA, reposici\u00f3n de la Tarjeta Nacional Estudiantil (TNE), llamados a programas del FOSIS y la solicitud de Clave\u00fanica.<\/p>\n\n\n\n<ul class=\"wp-block-gallery columns-2 is-cropped wp-block-gallery-1 is-layout-flex wp-block-gallery-is-layout-flex\"><li class=\"blocks-gallery-item\"><figure><img loading=\"lazy\" decoding=\"async\" width=\"1024\" height=\"574\" src=\"https:\/\/www.radiopresidenteibanez.cl\/web\/wp-content\/uploads\/2019\/04\/IMG_005-1-1024x574.jpg\" alt=\"\" data-id=\"3019\" data-link=\"https:\/\/www.radiopresidenteibanez.cl\/web\/?attachment_id=3019\" class=\"wp-image-3019\" srcset=\"https:\/\/www.radiopresidenteibanez.cl\/web\/wp-content\/uploads\/2019\/04\/IMG_005-1-1024x574.jpg 1024w, https:\/\/www.radiopresidenteibanez.cl\/web\/wp-content\/uploads\/2019\/04\/IMG_005-1-300x168.jpg 300w, https:\/\/www.radiopresidenteibanez.cl\/web\/wp-content\/uploads\/2019\/04\/IMG_005-1-768x431.jpg 768w, https:\/\/www.radiopresidenteibanez.cl\/web\/wp-content\/uploads\/2019\/04\/IMG_005-1.jpg 1280w\" sizes=\"auto, (max-width: 1024px) 100vw, 1024px\" \/><\/figure><\/li><li class=\"blocks-gallery-item\"><figure><img loading=\"lazy\" decoding=\"async\" width=\"1024\" height=\"768\" src=\"https:\/\/www.radiopresidenteibanez.cl\/web\/wp-content\/uploads\/2019\/04\/IMG_010-1024x768.jpg\" alt=\"\" data-id=\"3020\" data-link=\"https:\/\/www.radiopresidenteibanez.cl\/web\/?attachment_id=3020\" class=\"wp-image-3020\" srcset=\"https:\/\/www.radiopresidenteibanez.cl\/web\/wp-content\/uploads\/2019\/04\/IMG_010-1024x768.jpg 1024w, https:\/\/www.radiopresidenteibanez.cl\/web\/wp-content\/uploads\/2019\/04\/IMG_010-300x225.jpg 300w, https:\/\/www.radiopresidenteibanez.cl\/web\/wp-content\/uploads\/2019\/04\/IMG_010-768x576.jpg 768w, https:\/\/www.radiopresidenteibanez.cl\/web\/wp-content\/uploads\/2019\/04\/IMG_010.jpg 1158w\" sizes=\"auto, (max-width: 1024px) 100vw, 1024px\" \/><\/figure><\/li><\/ul>\n","protected":false},"excerpt":{"rendered":"<p>El Instituto de Previsi\u00f3n Social (IPS) y su plataforma de atenci\u00f3n llamada ChileAtiende, siguen creciendo, tanto a nivel nacional como regional. Esto se ha traducido en un mejoramiento de la&#8230; <a class=\"read-more\" href=\"https:\/\/www.radiopresidenteibanez.cl\/web\/sucursal-inclusiva-de-ips-beneficiara-a-mas-de-39-mil-usuarios-regionales\/\">Leer m\u00e1s<\/a><\/p>\n","protected":false},"author":2,"featured_media":3020,"comment_status":"closed","ping_status":"closed","sticky":false,"template":"","format":"standard","meta":{"footnotes":""},"categories":[1],"tags":[],"class_list":["post-3018","post","type-post","status-publish","format-standard","has-post-thumbnail","hentry","category-cronica"],"_links":{"self":[{"href":"https:\/\/www.radiopresidenteibanez.cl\/web\/wp-json\/wp\/v2\/posts\/3018","targetHints":{"allow":["GET"]}}],"collection":[{"href":"https:\/\/www.radiopresidenteibanez.cl\/web\/wp-json\/wp\/v2\/posts"}],"about":[{"href":"https:\/\/www.radiopresidenteibanez.cl\/web\/wp-json\/wp\/v2\/types\/post"}],"author":[{"embeddable":true,"href":"https:\/\/www.radiopresidenteibanez.cl\/web\/wp-json\/wp\/v2\/users\/2"}],"replies":[{"embeddable":true,"href":"https:\/\/www.radiopresidenteibanez.cl\/web\/wp-json\/wp\/v2\/comments?post=3018"}],"version-history":[{"count":0,"href":"https:\/\/www.radiopresidenteibanez.cl\/web\/wp-json\/wp\/v2\/posts\/3018\/revisions"}],"wp:featuredmedia":[{"embeddable":true,"href":"https:\/\/www.radiopresidenteibanez.cl\/web\/wp-json\/wp\/v2\/media\/3020"}],"wp:attachment":[{"href":"https:\/\/www.radiopresidenteibanez.cl\/web\/wp-json\/wp\/v2\/media?parent=3018"}],"wp:term":[{"taxonomy":"category","embeddable":true,"href":"https:\/\/www.radiopresidenteibanez.cl\/web\/wp-json\/wp\/v2\/categories?post=3018"},{"taxonomy":"post_tag","embeddable":true,"href":"https:\/\/www.radiopresidenteibanez.cl\/web\/wp-json\/wp\/v2\/tags?post=3018"}],"curies":[{"name":"wp","href":"https:\/\/api.w.org\/{rel}","templated":true}]}}