{"id":3014,"date":"2019-04-04T14:38:07","date_gmt":"2019-04-04T14:38:07","guid":{"rendered":"http:\/\/www.radiopresidenteibanez.cl\/web\/?p=3014"},"modified":"2019-04-04T14:38:26","modified_gmt":"2019-04-04T14:38:26","slug":"pequenos-cuenta-cuentos-y-sus-familias-conmemoran-el-dia-del-libro-infantil-y-juvenil","status":"publish","type":"post","link":"https:\/\/www.radiopresidenteibanez.cl\/web\/pequenos-cuenta-cuentos-y-sus-familias-conmemoran-el-dia-del-libro-infantil-y-juvenil\/","title":{"rendered":"PEQUE\u00d1OS CUENTA CUENTOS Y SUS FAMILIAS CONMEMORAN EL D\u00cdA DEL LIBRO INFANTIL Y JUVENIL"},"content":{"rendered":"\n<p>Explorando el universo infinito de la\nimaginaci\u00f3n y conmemorando el D\u00eda del Libro Infantil y Juvenil, los ni\u00f1os y\nni\u00f1as del jard\u00edn infantil y sala cuna <em>Hitip\u00e1n<\/em>\nde Fundaci\u00f3n Integra, junto a sus familias y equipo educativo, vivieron una\nentretenida salida y experiencia educativa en la Biblioteca P\u00fablica 47,\nsumergi\u00e9ndose en el maravilloso mundo de las letras, fomentando el h\u00e1bito de la\nlectura desde la primera infancia.<\/p>\n\n\n\n<p>Caracterizados como peque\u00f1os\nratoncitos, los p\u00e1rvulos y lactantes se convirtieron no s\u00f3lo en espectadores,\nsino en los actores de una representaci\u00f3n teatral del Flautista de Hamelin, como\nparte de la experiencia coordinada por el establecimiento con el equipo de la\nbiblioteca ubicada en calle Hornillas N\u00b0 42, en el sector norte de la ciudad de\nPunta Arenas, viviendo el relato de una forma distinta y entretenida que\ninvolucr\u00f3, incluso, a los apoderados quienes debieron interpretar personajes\ndentro de la historia, favoreciendo la participaci\u00f3n comunitaria e interacci\u00f3n familiar.<\/p>\n\n\n\n<p>El jard\u00edn infantil y sala cuna <em>Hitipan<\/em>, tiene un sello pedag\u00f3gico de\nfomento lector, y la educadora de sala cuna, Andrea Acu\u00f1a, destac\u00f3 el trabajo\nque se realiza de forma sistem\u00e1tica en red con la biblioteca. \u201cNuestro sello fomenta\nla imaginaci\u00f3n y el desarrollo de las habilidades de nuestros ni\u00f1os y ni\u00f1as a\ntrav\u00e9s de la magia que caracteriza al mundo de las letras. Trabajar en conjunto\nde la biblioteca nos permite potenciar este trabajo e incluir a las familias,\npues los principales beneficios de la lectura en la primera infancia son sentar\nuna base s\u00f3lida para fortalecer la comunicaci\u00f3n, el lenguaje verbal y\nhabilidades art\u00edsticas, adem\u00e1s del conocimiento y manejo de emociones y favorecer\nsu desarrollo integral\u201d, se\u00f1al{o la profesional.<\/p>\n\n\n\n<p>De igual forma, Isabel L\u00f3pez,\ncoordinadora regional de Bibliotecas P\u00fablicas de Magallanes, destac\u00f3 el trabajo\ncolaborativo entre ambas instituciones, recordando que \u201cel v\u00ednculo con\nFundaci\u00f3n Integra se remonta a varios a\u00f1os y nosotros desde hace alg\u00fan tiempo\napadrinamos al jard\u00edn <em>Hitip\u00e1n<\/em>, adem\u00e1s\nde su sello pedag\u00f3gico, por el compromiso que han tenido con nosotros y\nnuestras actividades que nos han permitido, no s\u00f3lo trabajar con la primera\ninfancia que es lo m\u00e1s importante, sino trabajar con las familias y llegar\nmucho m\u00e1s all\u00e1. Estamos orgullosos del trabajo del jard\u00edn y de Integra que han tomado\nuna bandera de responsabilidad para hacer de Magallanes una regi\u00f3n de lectores\u201d,\nfinaliz\u00f3.<\/p>\n\n\n\n<p><strong><em>La magia de los cuentos\nvs la tecnolog\u00eda <\/em><\/strong><\/p>\n\n\n\n<p>Para Bernardo Morales, pap\u00e1 de Emilia y\nMariano Morales C\u00e1rdenas, de los niveles medio menor y sala cuna,\nrespectivamente, \u201cestas actividades son geniales porque nos permiten acercarnos\ncomo entre familias y hacer algo junto a nuestros hijos. La lectura es\nfundamental para ellos porque desarrollen su imaginaci\u00f3n. El jardin Hitipan lo\nelegimos porque nos quedaba cerca de casa, y ten\u00edamos buenas referencias, pero\nahora que somos parte de la comunidad educativa, como familia estamos muy\ncontentos porque nos hemos adentrado poco a poco en el mundo de la lectura,\nsabiendo que actualmente con tanta tecnolog\u00eda no es f\u00e1cil, pero nos organizamos\ny leemos cuentos y nos juntamos a disfrutar de la lectura, no es f\u00e1cil pero si\nse puede\u201d, reflexion\u00f3 entusiasmado el apoderado.<\/p>\n\n\n\n<p>La conmemoraci\u00f3n del D\u00eda del Libro\nInfantil y Juvenil, se instaur\u00f3 como homenaje en el d\u00eda del natalicio del escritor\ndan\u00e9s Hans Christian Andersen, autor de obras como \u201cEl patito feo\u201d y \u201cLa\nsirenita\u201d, entre otros.<\/p>\n\n\n\n<p>Integra pertenece a la Red de Fundaciones de la Presidencia de la Rep\u00fablica. Con 28 a\u00f1os de experiencia, cuenta con m\u00e1s de 1.230 jardines infantiles y salas cuna gratuitos a los que asisten m\u00e1s de 91 mil ni\u00f1os y ni\u00f1as en todo Chile.<\/p>\n\n\n\n<figure class=\"wp-block-image\"><img loading=\"lazy\" decoding=\"async\" width=\"1024\" height=\"683\" src=\"https:\/\/www.radiopresidenteibanez.cl\/web\/wp-content\/uploads\/2019\/04\/DIA-DEL-LIBRO-22-1024x683.jpg\" alt=\"\" class=\"wp-image-3016\" srcset=\"https:\/\/www.radiopresidenteibanez.cl\/web\/wp-content\/uploads\/2019\/04\/DIA-DEL-LIBRO-22-1024x683.jpg 1024w, https:\/\/www.radiopresidenteibanez.cl\/web\/wp-content\/uploads\/2019\/04\/DIA-DEL-LIBRO-22-300x200.jpg 300w, https:\/\/www.radiopresidenteibanez.cl\/web\/wp-content\/uploads\/2019\/04\/DIA-DEL-LIBRO-22-768x512.jpg 768w, https:\/\/www.radiopresidenteibanez.cl\/web\/wp-content\/uploads\/2019\/04\/DIA-DEL-LIBRO-22.jpg 1200w\" sizes=\"auto, (max-width: 1024px) 100vw, 1024px\" \/><\/figure>\n","protected":false},"excerpt":{"rendered":"<p>Explorando el universo infinito de la imaginaci\u00f3n y conmemorando el D\u00eda del Libro Infantil y Juvenil, los ni\u00f1os y ni\u00f1as del jard\u00edn infantil y sala cuna Hitip\u00e1n de Fundaci\u00f3n Integra,&#8230; <a class=\"read-more\" href=\"https:\/\/www.radiopresidenteibanez.cl\/web\/pequenos-cuenta-cuentos-y-sus-familias-conmemoran-el-dia-del-libro-infantil-y-juvenil\/\">Leer m\u00e1s<\/a><\/p>\n","protected":false},"author":2,"featured_media":3016,"comment_status":"closed","ping_status":"closed","sticky":false,"template":"","format":"standard","meta":{"footnotes":""},"categories":[1],"tags":[],"class_list":["post-3014","post","type-post","status-publish","format-standard","has-post-thumbnail","hentry","category-cronica"],"_links":{"self":[{"href":"https:\/\/www.radiopresidenteibanez.cl\/web\/wp-json\/wp\/v2\/posts\/3014","targetHints":{"allow":["GET"]}}],"collection":[{"href":"https:\/\/www.radiopresidenteibanez.cl\/web\/wp-json\/wp\/v2\/posts"}],"about":[{"href":"https:\/\/www.radiopresidenteibanez.cl\/web\/wp-json\/wp\/v2\/types\/post"}],"author":[{"embeddable":true,"href":"https:\/\/www.radiopresidenteibanez.cl\/web\/wp-json\/wp\/v2\/users\/2"}],"replies":[{"embeddable":true,"href":"https:\/\/www.radiopresidenteibanez.cl\/web\/wp-json\/wp\/v2\/comments?post=3014"}],"version-history":[{"count":0,"href":"https:\/\/www.radiopresidenteibanez.cl\/web\/wp-json\/wp\/v2\/posts\/3014\/revisions"}],"wp:featuredmedia":[{"embeddable":true,"href":"https:\/\/www.radiopresidenteibanez.cl\/web\/wp-json\/wp\/v2\/media\/3016"}],"wp:attachment":[{"href":"https:\/\/www.radiopresidenteibanez.cl\/web\/wp-json\/wp\/v2\/media?parent=3014"}],"wp:term":[{"taxonomy":"category","embeddable":true,"href":"https:\/\/www.radiopresidenteibanez.cl\/web\/wp-json\/wp\/v2\/categories?post=3014"},{"taxonomy":"post_tag","embeddable":true,"href":"https:\/\/www.radiopresidenteibanez.cl\/web\/wp-json\/wp\/v2\/tags?post=3014"}],"curies":[{"name":"wp","href":"https:\/\/api.w.org\/{rel}","templated":true}]}}