{"id":30114,"date":"2022-06-03T19:17:00","date_gmt":"2022-06-03T22:17:00","guid":{"rendered":"https:\/\/www.radiopresidenteibanez.cl\/web\/?p=30114"},"modified":"2022-06-03T12:36:13","modified_gmt":"2022-06-03T15:36:13","slug":"camara-de-turismo-de-ultima-esperanza-espera-la-pronta-apertura-del-paso-fronterizo-rio-don-guillermo","status":"publish","type":"post","link":"https:\/\/www.radiopresidenteibanez.cl\/web\/camara-de-turismo-de-ultima-esperanza-espera-la-pronta-apertura-del-paso-fronterizo-rio-don-guillermo\/","title":{"rendered":"C\u00c1MARA DE TURISMO DE \u00daLTIMA ESPERANZA ESPERA LA PRONTA APERTURA  DEL PASO FRONTERIZO R\u00cdO DON GUILLERMO"},"content":{"rendered":"\n<p>El turismo sigue postergado con un panorama incierto que no permite\nproyectar la reactivaci\u00f3n econ\u00f3mica del sector. Las restricciones sanitarias\npara ingresar al pa\u00eds por la frontera a\u00e9rea a nivel central desincentivan a los\nvisitantes extranjeros de larga distancia, mientras que, el principal corredor\ntur\u00edstico binacional terrestre de \u00daltima Esperanza \u201cR\u00edo don Guillermo\u201d se\nmantiene cerrado.<\/p>\n\n\n\n<p>Los representantes gremiales se\u00f1alan que han tenido consultas de reservas\npor parte de empresas de turismo de Argentina que operan en invierno con el\nmercado brasilero y que adem\u00e1s se evidencia, a trav\u00e9s de las consultas directas\nde turistas binacionales, el inter\u00e9s por visitar Puerto Natales y Torres del\nPaine a trav\u00e9s del corredor tur\u00edstico que los une con El Calafate, pero que\nlamentablemente, la principal dificultad para avanzar de cara a la reactivaci\u00f3n\ntur\u00edstica es que el paso fronterizo R\u00edo don Guillermo a\u00fan no est\u00e1 operativo.<\/p>\n\n\n\n<p>\u00c1lvaro Gallardo, presidente de la\nC\u00e1mara de Turismo de \u00daltima Esperanza se\u00f1ala que \u201cpara evitar que la actividad\ntur\u00edstica se siga deteriorando en lo que respecta a la imagen de destino y no\nseguir perdiendo mercado y, para ayudar a las empresas de turismo que arrastran\ny siguen endeud\u00e1ndose para mantenerse a flote, es necesario que se reactive el\nsector eliminando la homologaci\u00f3n de la vacuna y permitir que los turistas\nextranjeros puedan ingresar al pa\u00eds y desplazarse por el territorio nacional y\nlos pasos fronterizos terrestres con mayor facilidad con el certificado de\nvacunaci\u00f3n de su pa\u00eds de origen\u201d.<\/p>\n\n\n\n<p>Adriana Aguilar Lagos, gerente de este gremio indica que \u201ces importante\nque las condiciones de apertura fronteriza sean optimas porque no se trata s\u00f3lo\nde que abran, sino que la forma debe ser planteada para el turismo con horarios\nno tan restrictivos, sin recesos en la atenci\u00f3n, con conectividad de Wifi para\nuso de los turistas en frontera y con las medidas sanitarias adecuadas y\nsimilares a las de otros pa\u00edses del mundo que han operativizado con \u00e9xito sus\nfronteras reactivando as\u00ed el turismo sin tantas complejidades\u201d. La temporada de\ninvierno se est\u00e1 perdiendo, hay una baja considerable que es natural, pero la\nno llegada de vuelos directos hasta Puerto Natales durante tres meses del a\u00f1o,\nla falta de promoci\u00f3n del destino y el corredor tur\u00edstico binacional cerrado\ngenera p\u00e9rdidas en las empresas, desempleo y mayor endeudamiento. \u201cA nadie le\ngusta comparar, pero mientras Argentina tiene todos los pasos fronterizos\nabiertos con sus pa\u00edses lim\u00edtrofes, incluyendo Brasil, y en El Calafate se\nmantienen las rutas a\u00e9reas todo el a\u00f1o con un promedio de 30 vuelos semanales apostando,\nPuerto Natales y Torres del Paine inicia la tercera baja temporada tur\u00edstica\npr\u00e1cticamente en las mismas condiciones que cuando inici\u00f3 la pandemia\u201d, manifest\u00f3\nAguilar.<\/p>\n\n\n\n<p>Las empresas de turismo con un mejor respaldo econ\u00f3mico siguen\ninvirtiendo en promoci\u00f3n esperando que la pr\u00f3xima temporada tur\u00edstica que\ninicia en septiembre sea mejor que las anteriores para esto se necesita que los\ningresos al pa\u00eds y el desplazamiento por el territorio sea m\u00e1s flexible. Por\notra parte, todas las empresas vinculadas al turismo dependen en este momento de\nlas decisiones pol\u00edticas que permitir\u00edan mantener las operaciones y avanzar de\ncara a la reactivaci\u00f3n tur\u00edstica internacional.<\/p>\n","protected":false},"excerpt":{"rendered":"<p>El turismo sigue postergado con un panorama incierto que no permite proyectar la reactivaci\u00f3n econ\u00f3mica del sector. Las restricciones sanitarias para ingresar al pa\u00eds por la frontera a\u00e9rea a nivel&#8230; <a class=\"read-more\" href=\"https:\/\/www.radiopresidenteibanez.cl\/web\/camara-de-turismo-de-ultima-esperanza-espera-la-pronta-apertura-del-paso-fronterizo-rio-don-guillermo\/\">Leer m\u00e1s<\/a><\/p>\n","protected":false},"author":2,"featured_media":30115,"comment_status":"closed","ping_status":"closed","sticky":false,"template":"","format":"standard","meta":{"footnotes":""},"categories":[1],"tags":[],"class_list":["post-30114","post","type-post","status-publish","format-standard","has-post-thumbnail","hentry","category-cronica"],"_links":{"self":[{"href":"https:\/\/www.radiopresidenteibanez.cl\/web\/wp-json\/wp\/v2\/posts\/30114","targetHints":{"allow":["GET"]}}],"collection":[{"href":"https:\/\/www.radiopresidenteibanez.cl\/web\/wp-json\/wp\/v2\/posts"}],"about":[{"href":"https:\/\/www.radiopresidenteibanez.cl\/web\/wp-json\/wp\/v2\/types\/post"}],"author":[{"embeddable":true,"href":"https:\/\/www.radiopresidenteibanez.cl\/web\/wp-json\/wp\/v2\/users\/2"}],"replies":[{"embeddable":true,"href":"https:\/\/www.radiopresidenteibanez.cl\/web\/wp-json\/wp\/v2\/comments?post=30114"}],"version-history":[{"count":0,"href":"https:\/\/www.radiopresidenteibanez.cl\/web\/wp-json\/wp\/v2\/posts\/30114\/revisions"}],"wp:featuredmedia":[{"embeddable":true,"href":"https:\/\/www.radiopresidenteibanez.cl\/web\/wp-json\/wp\/v2\/media\/30115"}],"wp:attachment":[{"href":"https:\/\/www.radiopresidenteibanez.cl\/web\/wp-json\/wp\/v2\/media?parent=30114"}],"wp:term":[{"taxonomy":"category","embeddable":true,"href":"https:\/\/www.radiopresidenteibanez.cl\/web\/wp-json\/wp\/v2\/categories?post=30114"},{"taxonomy":"post_tag","embeddable":true,"href":"https:\/\/www.radiopresidenteibanez.cl\/web\/wp-json\/wp\/v2\/tags?post=30114"}],"curies":[{"name":"wp","href":"https:\/\/api.w.org\/{rel}","templated":true}]}}