{"id":3010,"date":"2019-04-04T14:31:36","date_gmt":"2019-04-04T14:31:36","guid":{"rendered":"http:\/\/www.radiopresidenteibanez.cl\/web\/?p=3010"},"modified":"2019-04-04T14:32:31","modified_gmt":"2019-04-04T14:32:31","slug":"municipio-trabaja-en-dar-respuesta-a-las-diversas-situaciones-presentadas-por-el-frente-de-mal-tiempo","status":"publish","type":"post","link":"https:\/\/www.radiopresidenteibanez.cl\/web\/municipio-trabaja-en-dar-respuesta-a-las-diversas-situaciones-presentadas-por-el-frente-de-mal-tiempo\/","title":{"rendered":"MUNICIPIO TRABAJA EN DAR RESPUESTA A LAS DIVERSAS SITUACIONES PRESENTADAS POR EL FRENTE DE MAL TIEMPO"},"content":{"rendered":"\n<p>En el hall central del edifico de la Gobernaci\u00f3n de\n\u00daltima Esperanza, la gobernadora provincial y el encargado de emergencias de la\nIlustre Municipalidad de Natales, se reunieron para informar a la poblaci\u00f3n de\nlas medidas que se est\u00e1n tomando para responder a las problem\u00e1ticas generadas\npor el frente de mal tiempo que afecta a nuestra regi\u00f3n. &nbsp;<\/p>\n\n\n\n<p>Uno de los puntos m\u00e1s cr\u00edticos que ha dejado la\ninclemencia clim\u00e1tica, fue el anegamiento parcial del patio techado de la\nEscuela \u201cCapit\u00e1n Juan Ladrillero\u201d, la cual por precauci\u00f3n suspendi\u00f3 sus clases\nen lo que resta de la jornada de hoy. Sumado a la acumulaci\u00f3n de agua en la\nintersecci\u00f3n vial de Eusebio Lillo con Ovejero y la calle Piloto Pardo. <\/p>\n\n\n\n<p>El encargado de emergencias de la municipalidad, Sergio\nRam\u00edrez, se\u00f1al\u00f3 que para todos los vecinos siempre es una constante preocupaci\u00f3n\nel Estero Natales y su posible crecida. \u201cLo hemos estado monitoreando toda la\nnoche viendo el cauce del r\u00edo y si ha crecido su caudal, pero se mantuvo dentro\nde los par\u00e1metros normales. Eso es una situaci\u00f3n complicada para nosotros y que\nobviamente tenemos que seguir monitoreando durante toda esta alerta temprana\nque deber\u00eda estar durante todo el fin de semana. Sumado a los vientos que\nestar\u00edan pronosticados para hoy y ma\u00f1ana sobre los 100 kil\u00f3metros por hora\u201d. &nbsp;<\/p>\n\n\n\n<p>El funcionario municipal tambi\u00e9n quiso destacar que\n\u201cestamos dispuestos siempre a reaccionar con los medios que tenemos, sobretodo\nel compromiso de la gente trabajando en horas de la noche que es donde\nhabitualmente se nos presentan las emergencias. Una de las medidas paliativas\nque tenemos son pasarelas que se han construido pensando en el peat\u00f3n y\npensando en los colegios donde se ven afectados con estos anegamientos de\ncalzada, con el fin que los ni\u00f1os puedan cruzar con menor dificultad\u201d, dijo\nRam\u00edrez. &nbsp;<\/p>\n\n\n\n<p>En la misma l\u00ednea, la Gobernadora de la Provincia de\n\u00daltima Esperanza, Ana Mayorga Bahamonde, subray\u00f3 que \u201chasta el momento estamos\nresistiendo bien esta emergencia, no hemos tenido nada que lamentar adem\u00e1s de algunos\ndeslizamientos en El Chingue, pero todo bajo control\u201d. La m\u00e1xima autoridad\nprovincial aprovech\u00f3 el momento para hacer un llamado a la comunidad a la\nprecauci\u00f3n, el autocuidado y a informarse sobre las alertas tempranas que se\ndecreten.<\/p>\n\n\n\n<p>El municipio dispuso de pasarelas provisorias en las\ncalles Ovejero y Eusebio Lillo para facilitar el paso de los transe\u00fantes que se\nvean obligados a pasar por el lugar. Sumado a eso se colocaron sacos de arena\nen las casas que colindan con zonas de inundaci\u00f3n en la calle Piloto Pardo.<\/p>\n\n\n\n<p>Adem\u00e1s de las medidas ya tomadas, el alcalde protocolar cit\u00f3 en horas de la tarde a una mesa t\u00e9cnica municipal, buscando planificar el trabajo futuro por la situaci\u00f3n clim\u00e1tica que afecta a nuestra comuna y as\u00ed estar preparados en caso de un aumento de lluvias y vientos.<\/p>\n\n\n\n<ul class=\"wp-block-gallery columns-2 is-cropped wp-block-gallery-1 is-layout-flex wp-block-gallery-is-layout-flex\"><li class=\"blocks-gallery-item\"><figure><img loading=\"lazy\" decoding=\"async\" width=\"900\" height=\"505\" src=\"https:\/\/www.radiopresidenteibanez.cl\/web\/wp-content\/uploads\/2019\/04\/039A2013.jpg\" alt=\"\" data-id=\"3011\" data-link=\"https:\/\/www.radiopresidenteibanez.cl\/web\/?attachment_id=3011\" class=\"wp-image-3011\" srcset=\"https:\/\/www.radiopresidenteibanez.cl\/web\/wp-content\/uploads\/2019\/04\/039A2013.jpg 900w, https:\/\/www.radiopresidenteibanez.cl\/web\/wp-content\/uploads\/2019\/04\/039A2013-300x168.jpg 300w, https:\/\/www.radiopresidenteibanez.cl\/web\/wp-content\/uploads\/2019\/04\/039A2013-768x431.jpg 768w\" sizes=\"auto, (max-width: 900px) 100vw, 900px\" \/><\/figure><\/li><li class=\"blocks-gallery-item\"><figure><img loading=\"lazy\" decoding=\"async\" width=\"1024\" height=\"768\" src=\"https:\/\/www.radiopresidenteibanez.cl\/web\/wp-content\/uploads\/2019\/04\/2019-04-02-at-17.53.12-1024x768.jpeg\" alt=\"\" data-id=\"3012\" data-link=\"https:\/\/www.radiopresidenteibanez.cl\/web\/?attachment_id=3012\" class=\"wp-image-3012\" srcset=\"https:\/\/www.radiopresidenteibanez.cl\/web\/wp-content\/uploads\/2019\/04\/2019-04-02-at-17.53.12-1024x768.jpeg 1024w, https:\/\/www.radiopresidenteibanez.cl\/web\/wp-content\/uploads\/2019\/04\/2019-04-02-at-17.53.12-300x225.jpeg 300w, https:\/\/www.radiopresidenteibanez.cl\/web\/wp-content\/uploads\/2019\/04\/2019-04-02-at-17.53.12-768x576.jpeg 768w, https:\/\/www.radiopresidenteibanez.cl\/web\/wp-content\/uploads\/2019\/04\/2019-04-02-at-17.53.12.jpeg 1280w\" sizes=\"auto, (max-width: 1024px) 100vw, 1024px\" \/><\/figure><\/li><\/ul>\n","protected":false},"excerpt":{"rendered":"<p>En el hall central del edifico de la Gobernaci\u00f3n de \u00daltima Esperanza, la gobernadora provincial y el encargado de emergencias de la Ilustre Municipalidad de Natales, se reunieron para informar&#8230; <a class=\"read-more\" href=\"https:\/\/www.radiopresidenteibanez.cl\/web\/municipio-trabaja-en-dar-respuesta-a-las-diversas-situaciones-presentadas-por-el-frente-de-mal-tiempo\/\">Leer m\u00e1s<\/a><\/p>\n","protected":false},"author":2,"featured_media":3012,"comment_status":"closed","ping_status":"closed","sticky":false,"template":"","format":"standard","meta":{"footnotes":""},"categories":[1],"tags":[],"class_list":["post-3010","post","type-post","status-publish","format-standard","has-post-thumbnail","hentry","category-cronica"],"_links":{"self":[{"href":"https:\/\/www.radiopresidenteibanez.cl\/web\/wp-json\/wp\/v2\/posts\/3010","targetHints":{"allow":["GET"]}}],"collection":[{"href":"https:\/\/www.radiopresidenteibanez.cl\/web\/wp-json\/wp\/v2\/posts"}],"about":[{"href":"https:\/\/www.radiopresidenteibanez.cl\/web\/wp-json\/wp\/v2\/types\/post"}],"author":[{"embeddable":true,"href":"https:\/\/www.radiopresidenteibanez.cl\/web\/wp-json\/wp\/v2\/users\/2"}],"replies":[{"embeddable":true,"href":"https:\/\/www.radiopresidenteibanez.cl\/web\/wp-json\/wp\/v2\/comments?post=3010"}],"version-history":[{"count":0,"href":"https:\/\/www.radiopresidenteibanez.cl\/web\/wp-json\/wp\/v2\/posts\/3010\/revisions"}],"wp:featuredmedia":[{"embeddable":true,"href":"https:\/\/www.radiopresidenteibanez.cl\/web\/wp-json\/wp\/v2\/media\/3012"}],"wp:attachment":[{"href":"https:\/\/www.radiopresidenteibanez.cl\/web\/wp-json\/wp\/v2\/media?parent=3010"}],"wp:term":[{"taxonomy":"category","embeddable":true,"href":"https:\/\/www.radiopresidenteibanez.cl\/web\/wp-json\/wp\/v2\/categories?post=3010"},{"taxonomy":"post_tag","embeddable":true,"href":"https:\/\/www.radiopresidenteibanez.cl\/web\/wp-json\/wp\/v2\/tags?post=3010"}],"curies":[{"name":"wp","href":"https:\/\/api.w.org\/{rel}","templated":true}]}}