{"id":30089,"date":"2022-06-03T09:38:18","date_gmt":"2022-06-03T12:38:18","guid":{"rendered":"https:\/\/www.radiopresidenteibanez.cl\/web\/?p=30089"},"modified":"2022-06-03T09:38:24","modified_gmt":"2022-06-03T12:38:24","slug":"anef-magallanes-valora-la-reduccion-a-40-horas-de-la-jornada-laboral-pero-estima-que-lo-justo-seria-que-se-extienda-al-servicio-publico","status":"publish","type":"post","link":"https:\/\/www.radiopresidenteibanez.cl\/web\/anef-magallanes-valora-la-reduccion-a-40-horas-de-la-jornada-laboral-pero-estima-que-lo-justo-seria-que-se-extienda-al-servicio-publico\/","title":{"rendered":"ANEF MAGALLANES VALORA LA REDUCCI\u00d3N A 40 HORAS DE LA JORNADA LABORAL, PERO ESTIMA QUE LO JUSTO SER\u00cdA QUE SE EXTIENDA AL SERVICIO P\u00daBLICO"},"content":{"rendered":"\n<p>El pasado mi\u00e9rcoles 1 de junio el Presidente de la Rep\u00fablica Gabriel Boric present\u00f3 su primera cuenta p\u00fablica ante el Congreso Nacional, oportunidad en que dio a conocer los avances en estos casi tres meses de Gobierno y los proyectos a futuro.<\/p>\n\n\n\n<p>Uno de los anuncios estuvo relacionado con la reducci\u00f3n de la jornada laboral a 40 horas, en ese contexto el directorio regional de ANEF Magallanes, reci\u00e9n electo, espera que este proyecto de ley se extienda a los funcionarios p\u00fablicos.<\/p>\n\n\n\n<p>Evelyn C\u00f3rdova, actual Presidenta Regional de la ANEF se\u00f1al\u00f3 \u201ccuando el Gobierno habla de presentar un proyecto de ley que reduce la jornada laboral para que las personas puedan tener m\u00e1s tiempo con su familia, este igual debe aplicarse a los funcionarios p\u00fablicos que trabajamos 45 horas semanales, si bien lo hacemos de lunes a viernes, nuestros hijos en edad pre escolar y nuestras familias tambi\u00e9n nos necesitan, por lo que esperamos se incluya en el proyecto de ley\u201d.<\/p>\n\n\n\n<p>As\u00ed tambi\u00e9n destac\u00f3 que uno de los compromisos de este Gobierno sea garantizar espacios laborales seguros, libres de acoso, discriminaci\u00f3n y violencia, ya que en las administraciones anteriores hemos tenido mucho maltrato laboral en los servicios p\u00fablicos.<\/p>\n\n\n\n<p>Por su parte el director Claudio Valenzuela, quien se hizo presente junto a otros dirigentes y autoridades en la Uni\u00f3n Comunal de Punta Arenas para escuchar la cuenta p\u00fablica, destac\u00f3 que el Presidente quiera contar con la participaci\u00f3n de todos y todas en el camino de los grandes cambios, esperando que como funcionarios p\u00fablicos seamos escuchados, ya que muchas de nuestras demandas vienen desde las regiones.<\/p>\n\n\n\n<p>Con respecto al anuncio de la construcci\u00f3n de las 65 mil viviendas dignas, para llegar a la meta de 250 mil viviendas entregadas al final de su Gobierno, Claudio Valenzuela manifest\u00f3&nbsp; las expectativa que tienen como ANEF \u201cestamos viendo si realizamos un comit\u00e9 de viviendas u otra figura, para que podamos avanzar en este tema tan crucial, sobre todo en nuestra regi\u00f3n donde los arriendo son muy caros, pero nuestros funcionarios y funcionarias no pueden optar a subsidios por ser considerados muy \u2018ricos\u2019 por el Estado y muy \u2018pobres\u2019 por la banca, para solicitar un cr\u00e9dito hipotecario\u201d.<\/p>\n\n\n\n<p><strong>Recientes Elecciones 2022<\/strong><\/p>\n\n\n\n<p>Cabe recordar que el pasado 24 y 25 de mayo se llevaron a cabo a nivel nacional, los comicios para elegir, por un per\u00edodo de tres a\u00f1os, a los integrantes de los directorios regionales y el nacional de la ANEF.<\/p>\n\n\n\n<p>En Magallanes gan\u00f3 la lista \u201cPor la Dignidad en el Empleo P\u00fablico\u201d, compuesta por Claudio Valenzuela, director de finanzas del per\u00edodo anterior y funcionario de INACH; Ana Mujica, dirigenta gremial de la CUT y Afsag y Evelyn C\u00f3rdova, periodista y actual presidenta de Asofumi Magallanes, quien asumi\u00f3 como presidenta del nuevo directorio tras resultar con la primera mayor\u00eda de votos.<\/p>\n\n\n\n<p>Esta \u00faltima se mostr\u00f3 muy sorprendida por la votaci\u00f3n \u201cven\u00eda como apoyo a la lista, pero haber obtenido la primera mayor\u00eda significa que el trabajo que uno ha hecho durante estos 20 a\u00f1os en la administraci\u00f3n p\u00fablica, es reconocido por tus pares, entonces la idea es trabajar con y para ellos para hacer crecer la ANEF\u201d.<\/p>\n\n\n\n<p>Por su parte, Claudio Valenzuela, quien fue reelecto, sostuvo que \u201cvamos a seguir trabajando en la l\u00ednea de acercar a los y las funcionarias p\u00fablicas a \u2018su casa\u2019, la ANEF ac\u00e1 en Roca #931, la cual estamos habilitando para que las dirigencias de los servicios que no cuenten con espacio en sus lugares de trabajo, puedan realizar ac\u00e1 sus reuniones y actividades\u201d.&nbsp;<\/p>\n\n\n\n<p>En tanto, Ana Mujica quien agradeci\u00f3 la preferencia de sus pares expres\u00f3 que su inter\u00e9s de ser parte del directorio regional de ANEF \u201cnace en un sentido de lucha y reivindicaci\u00f3n de los derechos de las y los funcionarios p\u00fablicos. Trabajar en conjunto para desarrollar metodolog\u00edas que aporten a nuestro bienestar laboral y familiar. Estoy convencida que la uni\u00f3n hace la fuerza y que desde ANEF Magallanes, levantaremos las banderas de lucha por nuestras demandas sectoriales\u201d.<\/p>\n\n\n\n<p>La Directiva comunic\u00f3 que ya est\u00e1n operativos, atendiendo las problem\u00e1ticas de los distintos funcionarios y funcionarias de la regi\u00f3n.&nbsp;<br><\/p>\n","protected":false},"excerpt":{"rendered":"<p>El pasado mi\u00e9rcoles 1 de junio el Presidente de la Rep\u00fablica Gabriel Boric present\u00f3 su primera cuenta p\u00fablica ante el Congreso Nacional, oportunidad en que dio a conocer los avances&#8230; <a class=\"read-more\" href=\"https:\/\/www.radiopresidenteibanez.cl\/web\/anef-magallanes-valora-la-reduccion-a-40-horas-de-la-jornada-laboral-pero-estima-que-lo-justo-seria-que-se-extienda-al-servicio-publico\/\">Leer m\u00e1s<\/a><\/p>\n","protected":false},"author":2,"featured_media":30090,"comment_status":"closed","ping_status":"closed","sticky":false,"template":"","format":"standard","meta":{"footnotes":""},"categories":[1],"tags":[],"class_list":["post-30089","post","type-post","status-publish","format-standard","has-post-thumbnail","hentry","category-cronica"],"_links":{"self":[{"href":"https:\/\/www.radiopresidenteibanez.cl\/web\/wp-json\/wp\/v2\/posts\/30089","targetHints":{"allow":["GET"]}}],"collection":[{"href":"https:\/\/www.radiopresidenteibanez.cl\/web\/wp-json\/wp\/v2\/posts"}],"about":[{"href":"https:\/\/www.radiopresidenteibanez.cl\/web\/wp-json\/wp\/v2\/types\/post"}],"author":[{"embeddable":true,"href":"https:\/\/www.radiopresidenteibanez.cl\/web\/wp-json\/wp\/v2\/users\/2"}],"replies":[{"embeddable":true,"href":"https:\/\/www.radiopresidenteibanez.cl\/web\/wp-json\/wp\/v2\/comments?post=30089"}],"version-history":[{"count":0,"href":"https:\/\/www.radiopresidenteibanez.cl\/web\/wp-json\/wp\/v2\/posts\/30089\/revisions"}],"wp:featuredmedia":[{"embeddable":true,"href":"https:\/\/www.radiopresidenteibanez.cl\/web\/wp-json\/wp\/v2\/media\/30090"}],"wp:attachment":[{"href":"https:\/\/www.radiopresidenteibanez.cl\/web\/wp-json\/wp\/v2\/media?parent=30089"}],"wp:term":[{"taxonomy":"category","embeddable":true,"href":"https:\/\/www.radiopresidenteibanez.cl\/web\/wp-json\/wp\/v2\/categories?post=30089"},{"taxonomy":"post_tag","embeddable":true,"href":"https:\/\/www.radiopresidenteibanez.cl\/web\/wp-json\/wp\/v2\/tags?post=30089"}],"curies":[{"name":"wp","href":"https:\/\/api.w.org\/{rel}","templated":true}]}}