{"id":3007,"date":"2019-04-04T14:24:31","date_gmt":"2019-04-04T14:24:31","guid":{"rendered":"http:\/\/www.radiopresidenteibanez.cl\/web\/?p=3007"},"modified":"2019-04-04T14:25:15","modified_gmt":"2019-04-04T14:25:15","slug":"diputada-amar-solicita-medidas-de-proteccion-para-adultos-mayores-abandonados","status":"publish","type":"post","link":"https:\/\/www.radiopresidenteibanez.cl\/web\/diputada-amar-solicita-medidas-de-proteccion-para-adultos-mayores-abandonados\/","title":{"rendered":"DIPUTADA AMAR SOLICITA MEDIDAS DE PROTECCI\u00d3N PARA ADULTOS MAYORES ABANDONADOS"},"content":{"rendered":"\n<p> Por unanimidad la C\u00e1mara de Diputados aprob\u00f3 el proyecto presentado por la diputada UDI, Sandra Amar, mediante el cual solicita la creaci\u00f3n de pol\u00edticas p\u00fablicas y medidas concretas para la protecci\u00f3n de adultos mayores que se encuentren en situaci\u00f3n de abandono.<\/p>\n\n\n\n<p><br>Seg\u00fan la parlamentaria, \u201cesta iniciativa nace luego de recorrer diversos recintos hospitalarios en donde me ha tocado ver que hay adultos mayores hospitalizados incluso desde hace tres a\u00f1os sin estar enfermos, esto porque sus familias los abandonaron y ellos no tienen d\u00f3nde m\u00e1s ir\u201d.<\/p>\n\n\n\n<p><br>Respecto a este \u201cdrama humano\u201d, como lo califica la diputada, \u201cni el Estado ni la sociedad puede estar al margen de lo que viven estas personas que tanto entregaron en su momento para que nosotros disfrutemos del Chile de hoy\u201d.<\/p>\n\n\n\n<p><br>La iniciativa pretende dar protecci\u00f3n y acogida a quienes se encuentren en situaci\u00f3n de abandono abarcando aspectos de salud, seguridad e inserci\u00f3n social y laboral ya que, a juicio de Amar \u201ccon su experiencia los adultos mayores pueden seguir siendo un aporte a nuestra sociedad y ser un ejemplo para las generaciones futuras\u201d.<\/p>\n\n\n\n<p><br>El proyecto ingresado por la diputada Sandra Amar en octubre de 2018, qued\u00f3 ahora en condiciones de ser tramitado en la Comisi\u00f3n de Desarrollo Social de la C\u00e1mara de Diputados. <\/p>\n\n\n\n<figure class=\"wp-block-image\"><img loading=\"lazy\" decoding=\"async\" width=\"1000\" height=\"562\" src=\"http:\/\/www.radiopresidenteibanez.cl\/web\/wp-content\/uploads\/2019\/04\/2017-08-21-sandra-amar-candidata.jpg\" alt=\"\" class=\"wp-image-3008\" srcset=\"https:\/\/www.radiopresidenteibanez.cl\/web\/wp-content\/uploads\/2019\/04\/2017-08-21-sandra-amar-candidata.jpg 1000w, https:\/\/www.radiopresidenteibanez.cl\/web\/wp-content\/uploads\/2019\/04\/2017-08-21-sandra-amar-candidata-300x169.jpg 300w, https:\/\/www.radiopresidenteibanez.cl\/web\/wp-content\/uploads\/2019\/04\/2017-08-21-sandra-amar-candidata-768x432.jpg 768w\" sizes=\"auto, (max-width: 1000px) 100vw, 1000px\" \/><\/figure>\n","protected":false},"excerpt":{"rendered":"<p>Por unanimidad la C\u00e1mara de Diputados aprob\u00f3 el proyecto presentado por la diputada UDI, Sandra Amar, mediante el cual solicita la creaci\u00f3n de pol\u00edticas p\u00fablicas y medidas concretas para la&#8230; <a class=\"read-more\" href=\"https:\/\/www.radiopresidenteibanez.cl\/web\/diputada-amar-solicita-medidas-de-proteccion-para-adultos-mayores-abandonados\/\">Leer m\u00e1s<\/a><\/p>\n","protected":false},"author":2,"featured_media":3008,"comment_status":"closed","ping_status":"closed","sticky":false,"template":"","format":"standard","meta":{"footnotes":""},"categories":[5],"tags":[],"class_list":["post-3007","post","type-post","status-publish","format-standard","has-post-thumbnail","hentry","category-politica"],"_links":{"self":[{"href":"https:\/\/www.radiopresidenteibanez.cl\/web\/wp-json\/wp\/v2\/posts\/3007","targetHints":{"allow":["GET"]}}],"collection":[{"href":"https:\/\/www.radiopresidenteibanez.cl\/web\/wp-json\/wp\/v2\/posts"}],"about":[{"href":"https:\/\/www.radiopresidenteibanez.cl\/web\/wp-json\/wp\/v2\/types\/post"}],"author":[{"embeddable":true,"href":"https:\/\/www.radiopresidenteibanez.cl\/web\/wp-json\/wp\/v2\/users\/2"}],"replies":[{"embeddable":true,"href":"https:\/\/www.radiopresidenteibanez.cl\/web\/wp-json\/wp\/v2\/comments?post=3007"}],"version-history":[{"count":0,"href":"https:\/\/www.radiopresidenteibanez.cl\/web\/wp-json\/wp\/v2\/posts\/3007\/revisions"}],"wp:featuredmedia":[{"embeddable":true,"href":"https:\/\/www.radiopresidenteibanez.cl\/web\/wp-json\/wp\/v2\/media\/3008"}],"wp:attachment":[{"href":"https:\/\/www.radiopresidenteibanez.cl\/web\/wp-json\/wp\/v2\/media?parent=3007"}],"wp:term":[{"taxonomy":"category","embeddable":true,"href":"https:\/\/www.radiopresidenteibanez.cl\/web\/wp-json\/wp\/v2\/categories?post=3007"},{"taxonomy":"post_tag","embeddable":true,"href":"https:\/\/www.radiopresidenteibanez.cl\/web\/wp-json\/wp\/v2\/tags?post=3007"}],"curies":[{"name":"wp","href":"https:\/\/api.w.org\/{rel}","templated":true}]}}