{"id":30050,"date":"2022-06-01T12:43:00","date_gmt":"2022-06-01T15:43:00","guid":{"rendered":"https:\/\/www.radiopresidenteibanez.cl\/web\/?p=30050"},"modified":"2022-06-01T12:02:24","modified_gmt":"2022-06-01T15:02:24","slug":"seremi-michelle-peutat-valoro-ejes-de-gestion-con-acento-en-derechos-humanos-en-cuenta-publica-del-ministerio","status":"publish","type":"post","link":"https:\/\/www.radiopresidenteibanez.cl\/web\/seremi-michelle-peutat-valoro-ejes-de-gestion-con-acento-en-derechos-humanos-en-cuenta-publica-del-ministerio\/","title":{"rendered":"SEREMI MICHELLE PEUTAT VALOR\u00d3 EJES DE GESTI\u00d3N CON ACENTO EN DERECHOS HUMANOS EN CUENTA P\u00daBLICA DEL MINISTERIO"},"content":{"rendered":"\n<p>Una gesti\u00f3n en base a ejes prioritarios\npara facilitar el acceso a la justicia y la protecci\u00f3n de los derechos de las\npersonas, con especial relieve en el ejercicio y garant\u00eda de los Derechos\nHumanos, destac\u00f3 la Seremi de Justicia y DD.HH., Michelle Peutat Alvarado, a\npartir de la reciente Cuenta P\u00fablica Participativa 2022 del Ministerio de\nJusticia y Derechos Humanos, entregada por la Ministra Marcela R\u00edos Tobar. <\/p>\n\n\n\n<p>Esta instancia de di\u00e1logo\nabierto con la ciudadan\u00eda, permiti\u00f3 a la secretaria de Estado repasar los\nprincipales de avances en su cartera, a trav\u00e9s de una orientaci\u00f3n estrat\u00e9gica\ncon objetivos en una mejora continua, eficiente, organizada y de coordinaci\u00f3n\ncon todos los servicios del Ministerio, adem\u00e1s de un foco en la prevenci\u00f3n\ntemprana de conflictos.<\/p>\n\n\n\n<p>La Seremi resalt\u00f3 que dicho\ntrabajo se estructura en base a: un respeto irrestricto a los Derechos Humanos;\nuna justicia accesible e inclusiva centrada en las personas; protecci\u00f3n a\nni\u00f1os, ni\u00f1as y adolescentes; coordinaci\u00f3n del sistema penal y penitenciario;\nprobidad y agenda anti abusos; e igualdad de g\u00e9nero.<\/p>\n\n\n\n<p>La autoridad destac\u00f3 dentro\ndel primer eje una agenda integral de promoci\u00f3n y protecci\u00f3n de los Derechos\nHumanos en democracia, centrada en las personas, que reconstruya las confianzas\nen las instituciones y sea un aporte al relevante proceso que nuestro pa\u00eds enfrenta.\nDentro de sus objetivos subray\u00f3 el impulsar pol\u00edticas p\u00fablicas con enfoque de\nderechos humanos saldando deudas en materia de verdad, justicia, reparaci\u00f3n y\ngarant\u00eda de no repetici\u00f3n.<\/p>\n\n\n\n<p>En gesti\u00f3n resalt\u00f3 el anuncio\nde mejoras en la capacidad de respuesta como la emisi\u00f3n de cedulas de\nidentidad, y a nivel de compromisos destac\u00f3 una Agenda Integral de verdad,\njusticia y reparaci\u00f3n y garant\u00edas de no repetici\u00f3n en el contexto del estallido\nsocial, que recoge parte importante del trabajo que realizan hoy. Otro desaf\u00edo\nsimilar tambi\u00e9n se enfocar\u00e1 en las violaciones ocurridas durante la dictadura\nc\u00edvico militar.<\/p>\n\n\n\n<p>Un segundo eje de justicia\naccesible e inclusiva aborda un conjunto amplio de medidas, entre ellas el fortalecimiento\ndel sistema de mediaci\u00f3n familiar, junto con retomar la discusi\u00f3n legislativa\npara la creaci\u00f3n de un Servicio Nacional de Acceso a la Justicia. Mencion\u00f3\nadem\u00e1s la implementaci\u00f3n de la ley del Registro de Deudores de Pensiones de Alimentos\nque debe estar en funcionamiento en octubre, as\u00ed como un conjunto de materias\ncarcelarias para la actualizaci\u00f3n de protocolos de personas LGBTIQA+ en\nservicios de Gendarmer\u00eda.<\/p>\n\n\n\n<p>En un tercer eje de protecci\u00f3n\na ni\u00f1os, ni\u00f1as y adolescentes (NNA), se refiri\u00f3 al proyecto de ley que crea\nnuevo servicio de Reinserci\u00f3n Juvenil y pone fin al Sename, hoy en \u00faltimo\ntr\u00e1mite legislativo, y cuya implementaci\u00f3n considera un periodo de transici\u00f3n,\nas\u00ed como presupuestos, est\u00e1ndares y una dotaci\u00f3n acorde a las necesidades en\nesta materia como pa\u00eds. Asimismo, destac\u00f3 un plan de prevenci\u00f3n en materia del\ningreso de drogas a los recintos cerrados, una revisi\u00f3n de protocolos y mejor\ncoordinaci\u00f3n entre servicios, adem\u00e1s de la creaci\u00f3n de una subcomisi\u00f3n especializada\nen materia de ni\u00f1ez en la Comisi\u00f3n de Coordinaci\u00f3n del Sistema de Justicia\nPenal.<\/p>\n\n\n\n<p>Tambi\u00e9n figura un paquete de\ninversi\u00f3n en obras en distintas regiones, m\u00e1s recursos a las corporaciones de\nAsistencia Judicial y al Programa Mi Abogado, para la debida defensa de los derechos\ny garant\u00edas de NNA y fortalecer los equipos. Adem\u00e1s, destaca una agenda\nlegislativa muy fuerte con la tipificaci\u00f3n de los delitos de explotaci\u00f3n sexual\nde NNA en \u00faltimo tr\u00e1mite.<\/p>\n\n\n\n<p>En lo referido a la coordinaci\u00f3n\nde sistemas penal y penitenciario, se\u00f1al\u00f3 nuevos enfoques y mejora en\ninfraestructura en recintos penales, actualizaci\u00f3n de programas de reinserci\u00f3n\nsocial para presentar medidas adicionales el pr\u00f3ximo a\u00f1o y evaluar el trabajo\nrealizado a la fecha para mejorar los indicadores de reinserci\u00f3n social, elemento\nclave en la agenda de seguridad y cohesi\u00f3n social. Aqu\u00ed figura el incorporar la\nperspectiva intercultural en el trabajo de Gendarmer\u00eda.<\/p>\n\n\n\n<p>En el eje de probidad y\nagenda anti abusos, indic\u00f3 que se trabaja en dar continuidad a dos proyectos de\nley: de modernizaci\u00f3n del sistema notarial y registral; y de desnotarizaci\u00f3n,\nque buscan tener un impacto mayor en la ciudadan\u00eda. As\u00ed tambi\u00e9n se impulsan mayores\nest\u00e1ndares de probidad en los nombramientos de cargos en el Poder Judicial y\nnotarios, un proyecto de protecci\u00f3n al denunciante de delitos contra la\nprobidad administrativa y un convenio de colaboraci\u00f3n (Ministerio de Justicia,\nMinisterio P\u00fablico y Gendarmer\u00eda) y otras instancias de trabajo para abordar el\ncombate al crimen organizado.<\/p>\n\n\n\n<p>Finalmente, en el eje de\nigualdad de g\u00e9nero, se\u00f1al\u00f3 que se trabaja en un proceso pre legislativo para\nimpulsar la Ley Sayen, que se har\u00e1 cargo del problema de mujeres privadas de\nlibertad, embarazadas o madres de ni\u00f1os (as) peque\u00f1os (as), y se trabaja hacia\nuna efectiva transversalizaci\u00f3n de una perspectiva de g\u00e9nero en el\nfuncionamiento del Ministerio y de sus servicios dependientes y relacionados. Aqu\u00ed\nse considera tambi\u00e9n el seguimiento, monitoreo y evaluaci\u00f3n de la Ley de\nMonitoreo Telem\u00e1tico, y el garantizar espacios seguros de trabajo para las\nmujeres (Proyecto de Ley \u201cSextorsi\u00f3n\u201d).<\/p>\n","protected":false},"excerpt":{"rendered":"<p>Una gesti\u00f3n en base a ejes prioritarios para facilitar el acceso a la justicia y la protecci\u00f3n de los derechos de las personas, con especial relieve en el ejercicio y&#8230; <a class=\"read-more\" href=\"https:\/\/www.radiopresidenteibanez.cl\/web\/seremi-michelle-peutat-valoro-ejes-de-gestion-con-acento-en-derechos-humanos-en-cuenta-publica-del-ministerio\/\">Leer m\u00e1s<\/a><\/p>\n","protected":false},"author":2,"featured_media":30051,"comment_status":"closed","ping_status":"closed","sticky":false,"template":"","format":"standard","meta":{"footnotes":""},"categories":[1],"tags":[],"class_list":["post-30050","post","type-post","status-publish","format-standard","has-post-thumbnail","hentry","category-cronica"],"_links":{"self":[{"href":"https:\/\/www.radiopresidenteibanez.cl\/web\/wp-json\/wp\/v2\/posts\/30050","targetHints":{"allow":["GET"]}}],"collection":[{"href":"https:\/\/www.radiopresidenteibanez.cl\/web\/wp-json\/wp\/v2\/posts"}],"about":[{"href":"https:\/\/www.radiopresidenteibanez.cl\/web\/wp-json\/wp\/v2\/types\/post"}],"author":[{"embeddable":true,"href":"https:\/\/www.radiopresidenteibanez.cl\/web\/wp-json\/wp\/v2\/users\/2"}],"replies":[{"embeddable":true,"href":"https:\/\/www.radiopresidenteibanez.cl\/web\/wp-json\/wp\/v2\/comments?post=30050"}],"version-history":[{"count":0,"href":"https:\/\/www.radiopresidenteibanez.cl\/web\/wp-json\/wp\/v2\/posts\/30050\/revisions"}],"wp:featuredmedia":[{"embeddable":true,"href":"https:\/\/www.radiopresidenteibanez.cl\/web\/wp-json\/wp\/v2\/media\/30051"}],"wp:attachment":[{"href":"https:\/\/www.radiopresidenteibanez.cl\/web\/wp-json\/wp\/v2\/media?parent=30050"}],"wp:term":[{"taxonomy":"category","embeddable":true,"href":"https:\/\/www.radiopresidenteibanez.cl\/web\/wp-json\/wp\/v2\/categories?post=30050"},{"taxonomy":"post_tag","embeddable":true,"href":"https:\/\/www.radiopresidenteibanez.cl\/web\/wp-json\/wp\/v2\/tags?post=30050"}],"curies":[{"name":"wp","href":"https:\/\/api.w.org\/{rel}","templated":true}]}}