{"id":30020,"date":"2022-05-31T13:47:00","date_gmt":"2022-05-31T16:47:00","guid":{"rendered":"https:\/\/www.radiopresidenteibanez.cl\/web\/?p=30020"},"modified":"2022-05-31T11:38:09","modified_gmt":"2022-05-31T14:38:09","slug":"familias-adoptan-conciencia-ambientalista-a-traves-del-arte-y-el-reciclaje-en-jardin-infantil-magallanes","status":"publish","type":"post","link":"https:\/\/www.radiopresidenteibanez.cl\/web\/familias-adoptan-conciencia-ambientalista-a-traves-del-arte-y-el-reciclaje-en-jardin-infantil-magallanes\/","title":{"rendered":"FAMILIAS ADOPTAN CONCIENCIA AMBIENTALISTA A TRAVES DEL ARTE Y EL RECICLAJE EN JARDIN INFANTIL MAGALLANES"},"content":{"rendered":"\n<p>Vinculando activamente a la comunidad\neducativa y fortaleciendo conductas para el cuidado del medio ambiente, as\u00ed\nfueron las actividades para la conmemoraci\u00f3n de la Semana de la Familia del\njard\u00edn infantil y sala cuna Magallanes, de Fundaci\u00f3n Integra, dando \u00e9nfasis a\nlos principios de su sello pedag\u00f3gico \u201cMe cuido, para cuidar el planeta\u201d.<\/p>\n\n\n\n<p>Una muestra de aves y un mini desfile\nde disfraces y sombreros locos, todo confeccionado con materiales reciclados,\nfueron las actividades estrella de la semana, instancias participativas donde\nlas familias pusieron en acci\u00f3n sus habilidades art\u00edsticas y creatividad,\nadem\u00e1s de los aprendizajes colectivos sobre el cuidado del medio ambiente, y\nque caracterizan al jard\u00edn infantil Magallanes.<\/p>\n\n\n\n<p>La directora del jard\u00edn infantil,\nIrma D\u00edaz Guerra, destac\u00f3 que todos los elementos fueron confeccionados por los\napoderados, \u201cy de una forma inclusiva decidimos celebrar la Semana de la\nFamilia, por la diversidad de realidades que hay presentes en nuestra comunidad\neducativa, y esto tuvo adem\u00e1s un impacto muy positivo en nuestros ni\u00f1os y\nni\u00f1as, pues disfrutaron cada actividad sabiendo y \u201cpresumiendo\u201d al equipo\neducativo y a sus compa\u00f1eritos, tanto las aves, como los difraces que hicieron\nsus familias. Eso estrecha a\u00fan m\u00e1s el v\u00ednculo familiar y con el equipo\neducativo\u201d, se\u00f1al\u00f3.<\/p>\n\n\n\n<p>Nicole Maldonado, mam\u00e1 de Amparo, del\nnivel Sala cuna, destac\u00f3 las instancias generadas por el equipo y \u201cnos\npermitieron participar a todas las familias, eso es especialmente significativo\npara nuestros ni\u00f1os y ni\u00f1as pues tienen el recuerdo de ver a sus familias\ncomprometidas, trabajando y compartiendo, y eso fortalece el v\u00ednculo entre las\nfamilias y el jard\u00edn\u201ddijo. Adem\u00e1s, el Centro de Padres y Apoderados, organiz\u00f3\ntambi\u00e9n una jornada de baile entretenido, instancia que favoreci\u00f3 el\nautocuidado de ni\u00f1os y ni\u00f1as, a trav\u00e9s de la actividad f\u00edsica.<\/p>\n\n\n\n<p>Integra pertenece a la Red de\nFundaciones de la Presidencia de la Rep\u00fablica. Con m\u00e1s de 31 a\u00f1os de\nexperiencia, es la red m\u00e1s grande de salas cuna y jardines infantiles del pa\u00eds\ncon m\u00e1s de 1.200 establecimientos gratuitos, a los que asisten m\u00e1s de 90 mil\nni\u00f1os y ni\u00f1as en todo Chile.<\/p>\n","protected":false},"excerpt":{"rendered":"<p>Vinculando activamente a la comunidad educativa y fortaleciendo conductas para el cuidado del medio ambiente, as\u00ed fueron las actividades para la conmemoraci\u00f3n de la Semana de la Familia del jard\u00edn&#8230; <a class=\"read-more\" href=\"https:\/\/www.radiopresidenteibanez.cl\/web\/familias-adoptan-conciencia-ambientalista-a-traves-del-arte-y-el-reciclaje-en-jardin-infantil-magallanes\/\">Leer m\u00e1s<\/a><\/p>\n","protected":false},"author":2,"featured_media":30021,"comment_status":"closed","ping_status":"closed","sticky":false,"template":"","format":"standard","meta":{"footnotes":""},"categories":[1],"tags":[],"class_list":["post-30020","post","type-post","status-publish","format-standard","has-post-thumbnail","hentry","category-cronica"],"_links":{"self":[{"href":"https:\/\/www.radiopresidenteibanez.cl\/web\/wp-json\/wp\/v2\/posts\/30020","targetHints":{"allow":["GET"]}}],"collection":[{"href":"https:\/\/www.radiopresidenteibanez.cl\/web\/wp-json\/wp\/v2\/posts"}],"about":[{"href":"https:\/\/www.radiopresidenteibanez.cl\/web\/wp-json\/wp\/v2\/types\/post"}],"author":[{"embeddable":true,"href":"https:\/\/www.radiopresidenteibanez.cl\/web\/wp-json\/wp\/v2\/users\/2"}],"replies":[{"embeddable":true,"href":"https:\/\/www.radiopresidenteibanez.cl\/web\/wp-json\/wp\/v2\/comments?post=30020"}],"version-history":[{"count":0,"href":"https:\/\/www.radiopresidenteibanez.cl\/web\/wp-json\/wp\/v2\/posts\/30020\/revisions"}],"wp:featuredmedia":[{"embeddable":true,"href":"https:\/\/www.radiopresidenteibanez.cl\/web\/wp-json\/wp\/v2\/media\/30021"}],"wp:attachment":[{"href":"https:\/\/www.radiopresidenteibanez.cl\/web\/wp-json\/wp\/v2\/media?parent=30020"}],"wp:term":[{"taxonomy":"category","embeddable":true,"href":"https:\/\/www.radiopresidenteibanez.cl\/web\/wp-json\/wp\/v2\/categories?post=30020"},{"taxonomy":"post_tag","embeddable":true,"href":"https:\/\/www.radiopresidenteibanez.cl\/web\/wp-json\/wp\/v2\/tags?post=30020"}],"curies":[{"name":"wp","href":"https:\/\/api.w.org\/{rel}","templated":true}]}}