{"id":300,"date":"2019-01-07T19:55:36","date_gmt":"2019-01-07T19:55:36","guid":{"rendered":"http:\/\/www.radiopresidenteibanez.cl\/web\/?p=300"},"modified":"2019-01-07T19:55:43","modified_gmt":"2019-01-07T19:55:43","slug":"28-detenidos-y-mas-de-mil-600-controles-vehiculares-durante-operativo-masivo-del-fin-de-semana","status":"publish","type":"post","link":"https:\/\/www.radiopresidenteibanez.cl\/web\/28-detenidos-y-mas-de-mil-600-controles-vehiculares-durante-operativo-masivo-del-fin-de-semana\/","title":{"rendered":"28 DETENIDOS Y M\u00c1S DE MIL 600 CONTROLES VEHICULARES DURANTE OPERATIVO MASIVO DEL FIN DE SEMANA"},"content":{"rendered":"\n<p>El resultado del operativo masivo realizado por Carabineros que se extendi\u00f3 desde el pasado viernes hasta el domingo, dio a conocer hoy el jefe de Zona (s), coronel Ricardo Rubat, donde se detuvieron a 28 personas, y se realizaron m\u00e1s de 1.600 controles vehiculares, entre otras acciones.<\/p>\n\n\n\n<p>Seg\u00fan el detalle entregado por Rubat, de los 28 detenidos, 6 fueron por orden judicial; 3 por maltrato de obra a Carabineros, uno por amenazas simple; 5 por hurtos; uno por infracci\u00f3n a la Ley 20.000; 5 por lesiones leves; 4 por conducci\u00f3n en estado de ebriedad y 3 por otros delitos.<\/p>\n\n\n\n<p>Respecto a las fiscalizaciones e infracciones, se inform\u00f3 que se efectuaron 6 controles de identidad ART. 85; 642 controles de identidad ART. 12; 1.602 controles vehiculares, 45 fiscalizaciones a locales de alcoholes y 31 infracciones al tr\u00e1nsito.<\/p>\n\n\n\n<p>La intendenta Mar\u00eda Teresa Casta\u00f1\u00f3n destac\u00f3 los buenos resultados que generan estas jornadas extraordinarias, porque adem\u00e1s de prevenir delitos y actuar ante flagrancia, la presencia policial fortalece la sensaci\u00f3n de seguridad de las personas.<\/p>\n\n\n\n<p>En la misma l\u00ednea, la coordinadora regional de Seguridad P\u00fablica, Jennifer Rojas, calific\u00f3 como positivos los resultados del operativo, que dado los n\u00fameros, se constata que \u201cla labor preventiva en nuestra regi\u00f3n es efectiva, cada vez se retiran m\u00e1s delincuentes de la calle aumentando la seguridad y, por ende, la sensaci\u00f3n de seguridad de los magall\u00e1nicos\u201d, enfatiz\u00f3.<\/p>\n\n\n\n<p>Respecto a la conducci\u00f3n bajo los efectos del alcohol y en estado de ebriedad, y sobre el alto n\u00famero de controles vehiculares, Rojas afirm\u00f3 que \u201csigue siendo preocupaci\u00f3n de la autoridad y las polic\u00edas porque debemos destinar gran contingente para evitar accidentes vehiculares originados por personas irresponsables que conscientemente no cumplen la ley, y utilizar recursos importantes que podr\u00edan estar frustrando delitos\u201d, subray\u00f3 la coordinadora regional de Seguridad P\u00fablica.<\/p>\n\n\n\n<p>Estos operativos masivos, que se realizan simult\u00e1neamente en todo el pa\u00eds, se continuar\u00e1n llevando a cabo, con el objetivo de brindar mayor seguridad a todos los habitantes de la regi\u00f3n.<\/p>\n","protected":false},"excerpt":{"rendered":"<p>El resultado del operativo masivo realizado por Carabineros que se extendi\u00f3 desde el pasado viernes hasta el domingo, dio a conocer hoy el jefe de Zona (s), coronel Ricardo Rubat,&#8230; <a class=\"read-more\" href=\"https:\/\/www.radiopresidenteibanez.cl\/web\/28-detenidos-y-mas-de-mil-600-controles-vehiculares-durante-operativo-masivo-del-fin-de-semana\/\">Leer m\u00e1s<\/a><\/p>\n","protected":false},"author":2,"featured_media":301,"comment_status":"closed","ping_status":"closed","sticky":false,"template":"","format":"standard","meta":{"footnotes":""},"categories":[1],"tags":[],"class_list":["post-300","post","type-post","status-publish","format-standard","has-post-thumbnail","hentry","category-cronica"],"_links":{"self":[{"href":"https:\/\/www.radiopresidenteibanez.cl\/web\/wp-json\/wp\/v2\/posts\/300","targetHints":{"allow":["GET"]}}],"collection":[{"href":"https:\/\/www.radiopresidenteibanez.cl\/web\/wp-json\/wp\/v2\/posts"}],"about":[{"href":"https:\/\/www.radiopresidenteibanez.cl\/web\/wp-json\/wp\/v2\/types\/post"}],"author":[{"embeddable":true,"href":"https:\/\/www.radiopresidenteibanez.cl\/web\/wp-json\/wp\/v2\/users\/2"}],"replies":[{"embeddable":true,"href":"https:\/\/www.radiopresidenteibanez.cl\/web\/wp-json\/wp\/v2\/comments?post=300"}],"version-history":[{"count":0,"href":"https:\/\/www.radiopresidenteibanez.cl\/web\/wp-json\/wp\/v2\/posts\/300\/revisions"}],"wp:featuredmedia":[{"embeddable":true,"href":"https:\/\/www.radiopresidenteibanez.cl\/web\/wp-json\/wp\/v2\/media\/301"}],"wp:attachment":[{"href":"https:\/\/www.radiopresidenteibanez.cl\/web\/wp-json\/wp\/v2\/media?parent=300"}],"wp:term":[{"taxonomy":"category","embeddable":true,"href":"https:\/\/www.radiopresidenteibanez.cl\/web\/wp-json\/wp\/v2\/categories?post=300"},{"taxonomy":"post_tag","embeddable":true,"href":"https:\/\/www.radiopresidenteibanez.cl\/web\/wp-json\/wp\/v2\/tags?post=300"}],"curies":[{"name":"wp","href":"https:\/\/api.w.org\/{rel}","templated":true}]}}