{"id":29978,"date":"2022-05-30T08:18:02","date_gmt":"2022-05-30T11:18:02","guid":{"rendered":"https:\/\/www.radiopresidenteibanez.cl\/web\/?p=29978"},"modified":"2022-05-30T08:18:08","modified_gmt":"2022-05-30T11:18:08","slug":"solo-le-pido-a-dios","status":"publish","type":"post","link":"https:\/\/www.radiopresidenteibanez.cl\/web\/solo-le-pido-a-dios\/","title":{"rendered":"SOLO LE PIDO A DIOS"},"content":{"rendered":"\n<p>Que el dolor no me sea indiferente. &nbsp;<\/p>\n\n\n\n<p>Que la reseca muerte no me encuentre, vac\u00edo\ny solo, sin haber hecho lo suficiente.<\/p>\n\n\n\n<p>As\u00ed inicia la famosa canci\u00f3n de Le\u00f3n\nGiecco. Y cuanta vigencia tiene ese llamado, esa oraci\u00f3n hoy en d\u00eda, amigos y\namigas, cuando una vez m\u00e1s, hemos sido golpeados, por una nueva matanza de\nni\u00f1os en los Estados Unidos. Ocurri\u00f3 en Texas, esta semana, cuando un joven de\n18 a\u00f1os, premunido de un poderoso rifle autom\u00e1tico, ingres\u00f3 a la Escuela\nprimaria Robb, en Uvalde, y asesin\u00f3 a 21personas. 17 de ellas ni\u00f1os y ni\u00f1as de\nentre 9 y 11 a\u00f1os, y dos profesoras. Que el dolor no me sea indiferente. En los\nEstados Unidos se encuentra atascado en el senado, hace dos a\u00f1os, el proyecto\nque pretende introducir restricciones a la venta y porte de armas. El poderoso\nlobby de las agrupaciones que defienden el lucrativo negocio, se ha hecho\nsentir. Entre ellas, la Asociaci\u00f3n nacional del rifle, que re\u00fane a millones de\nafiliados, y cuenta entre sus filas a famosos del cine y de la industria. &nbsp;En muchos estados, como Texas, no existen\nmayores restricciones para la compra de armas, y cualquiera puede acceder a\nellas, s\u00f3lo exhibiendo la licencia de conducir. &nbsp;En todo el pa\u00eds rige la \u201cSegunda enmienda\u201d, de\nla constituci\u00f3n de los Estados Unidos. Una modificaci\u00f3n aprobada en 1791, que\nresguarda el derecho del pueblo a poseer y portar armas.&nbsp; Circunstancias hist\u00f3ricas referidas a la guerra\nde independencia, justificaron en su momento esta consagraci\u00f3n, buscando que el\npueblo estuviera siempre preparado para combatir la tiran\u00eda.&nbsp; La Corte suprema de los Estados Unidos, se ha\npronunciado en reiteradas oportunidades, para aclarar de que el derecho a\nportar armas, no impide que se regule la producci\u00f3n y compra de armas. No\nobstante, el negocio multimillonario detr\u00e1s, y los intereses pol\u00edticos, han\nimpedido que avance la normativa que podr\u00eda introducir restricciones, que\nsalvar\u00edan vidas.<\/p>\n\n\n\n<p>Que la reseca muerte no me encuentre. La\nproliferaci\u00f3n de armas en poder de civiles, no es un fen\u00f3meno exclusivo de los\nEstados Unidos.&nbsp; El incremento de la\nsensaci\u00f3n de inseguridad, en las grandes ciudades del continente, ha impulsado\nla venta legal de armas a particulares.&nbsp;\nEn Chile, la autorizaci\u00f3n para portar armas, la extiende la Direcci\u00f3n\ngeneral de movilizaci\u00f3n nacional. Se requiere carta dirigida a la autoridad\nfiscalizadora para solicitar el porte del arma de defensa personal.&nbsp; Cualquier persona mayor de 18 a\u00f1os, puede\nsolicitar la autorizaci\u00f3n, acompa\u00f1ando fotocopia de CI. Certificado de\nantecedentes, certificado m\u00e9dico extendido por un psiquiatra. &nbsp;Se discute hoy en Chile, la necesidad de\nintroducir restricciones en esta materia, no por los excesos cometidos por\nquienes tienen armas legalmente inscritas, y con autorizaci\u00f3n de porte. Sino\npor la proliferaci\u00f3n de armas en manos de bandas de delincuentes.&nbsp; Seg\u00fan estad\u00edsticas de la subsecretar\u00eda de prevenci\u00f3n\ndel delito:<\/p>\n\n\n\n<p>Las denuncias por infracci\u00f3n a la ley de\narmas:<\/p>\n\n\n\n<figure class=\"wp-block-table\"><table class=\"\"><tbody><tr><td>\n  <strong>&nbsp;<\/strong>\n  <\/td><td>\n  <strong>2018<\/strong>\n  <\/td><td>\n  <strong>2019<\/strong>\n  <\/td><td>\n  <strong>2020<\/strong>\n  <\/td><td>\n  <strong>2021<\/strong>\n  <\/td><\/tr><tr><td>\n  <strong>GRUPO\n  DELICTUAL \/ DELITO<\/strong>\n  <\/td><td>\n  <strong>&nbsp;<\/strong>\n  <\/td><td>\n  <strong>&nbsp;<\/strong>\n  <\/td><td>\n  <strong>&nbsp;<\/strong>\n  <\/td><td>\n  <strong>&nbsp;<\/strong>\n  <\/td><\/tr><tr><td>\n  <strong>Infracci\u00c3\u00b3n a ley de armas<\/strong>\n  <\/td><td>\n  <strong>12.211,00<\/strong>\n  <\/td><td>\n  <strong>9.418,00<\/strong>\n  <\/td><td>\n  <strong>5.567,00<\/strong>\n  <\/td><td>\n  <strong>5.410,00<\/strong>\n  <\/td><\/tr><\/tbody><\/table><\/figure>\n\n\n\n<p>Las detenciones por infracci\u00f3n a la ley de\narmas:<\/p>\n\n\n\n<figure class=\"wp-block-table\"><table class=\"\"><tbody><tr><td>\n  <strong>&nbsp;<\/strong>\n  <\/td><td>\n  <strong>2018<\/strong>\n  <\/td><td>\n  <strong>2019<\/strong>\n  <\/td><td>\n  <strong>2020<\/strong>\n  <\/td><td>\n  <strong>2021<\/strong>\n  <\/td><\/tr><tr><td>\n  <strong>GRUPO\n  DELICTUAL \/ DELITO<\/strong>\n  <\/td><td>\n  <strong>&nbsp;<\/strong>\n  <\/td><td>\n  <strong>&nbsp;<\/strong>\n  <\/td><td>\n  <strong>&nbsp;<\/strong>\n  <\/td><td>\n  <strong>&nbsp;<\/strong>\n  <\/td><\/tr><tr><td>\n  <strong>Infracci\u00c3\u00b3n a ley de armas<\/strong>\n  <\/td><td>\n  <strong>5.781,00<\/strong>\n  <\/td><td>\n  <strong>3.697,00<\/strong>\n  <\/td><td>\n  <strong>2.311,00<\/strong>\n  <\/td><td>\n  <strong>3.034,00<\/strong>\n  <\/td><\/tr><tr><td>\n  <strong>&nbsp;<\/strong>\n  <\/td><td>\n  <strong>&nbsp;<\/strong>\n  <\/td><td>\n  <strong>&nbsp;<\/strong>\n  <\/td><td>\n  <strong>&nbsp;<\/strong>\n  <\/td><td>\n  <strong>&nbsp;<\/strong>\n  <\/td><\/tr><\/tbody><\/table><\/figure>\n\n\n\n<p>Una lectura a simple vista de estas cifras,\npermite apreciar que aproximadamente, por cada 3 denuncias en esta materia, se\nrealiza una detenci\u00f3n. <\/p>\n\n\n\n<p>&nbsp;Denuncias\npor delitos de mayor connotaci\u00f3n social:<\/p>\n\n\n\n<figure class=\"wp-block-table\"><table class=\"\"><tbody><tr><td>\n  <strong>&nbsp;<\/strong>\n  <\/td><td>\n  <strong>2018<\/strong>\n  <\/td><td>\n  <strong>2019<\/strong>\n  <\/td><td>\n  <strong>2020<\/strong>\n  <\/td><td>\n  <strong>2021<\/strong>\n  <\/td><\/tr><tr><td>\n  <strong>GRUPO\n  DELICTUAL \/ DELITO<\/strong>\n  <\/td><td>\n  <strong>&nbsp;<\/strong>\n  <\/td><td>\n  <strong>&nbsp;<\/strong>\n  <\/td><td>\n  <strong>&nbsp;<\/strong>\n  <\/td><td>\n  <strong>&nbsp;<\/strong>\n  <\/td><\/tr><tr><td>\n  <strong>Delitos de mayor connotaci\u00c3\u00b3n social<\/strong>\n  <\/td><td>\n  <strong>438.216,00<\/strong>\n  <\/td><td>\n  <strong>447.654,00<\/strong>\n  <\/td><td>\n  <strong>321.846,00<\/strong>\n  <\/td><td>\n  <strong>288.970,00<\/strong>\n  <\/td><\/tr><\/tbody><\/table><\/figure>\n\n\n\n<p>Detenciones por delitos de mayor\nconnotaci\u00f3n social:<\/p>\n\n\n\n<figure class=\"wp-block-table\"><table class=\"\"><tbody><tr><td>\n  <strong>&nbsp;<\/strong>\n  <\/td><td>\n  <strong>2018<\/strong>\n  <\/td><td>\n  <strong>2019<\/strong>\n  <\/td><td>\n  <strong>2020<\/strong>\n  <\/td><td>\n  <strong>2021<\/strong>\n  <\/td><\/tr><tr><td>\n  <strong>GRUPO\n  DELICTUAL \/ DELITO<\/strong>\n  <\/td><td>\n  <strong>&nbsp;<\/strong>\n  <\/td><td>\n  <strong>&nbsp;<\/strong>\n  <\/td><td>\n  <strong>&nbsp;<\/strong>\n  <\/td><td>\n  <strong>&nbsp;<\/strong>\n  <\/td><\/tr><tr><td>\n  <strong>Delitos de mayor connotaci\u00c3\u00b3n social<\/strong>\n  <\/td><td>\n  <strong>111.621,00<\/strong>\n  <\/td><td>\n  <strong>107.175,00<\/strong>\n  <\/td><td>\n  <strong>64.637,00<\/strong>\n  <\/td><td>\n  <strong>46.047,00<\/strong>\n  <\/td><\/tr><\/tbody><\/table><\/figure>\n\n\n\n<p>En el caso de los delitos de mayor connotaci\u00f3n\np\u00fablica, una lectura a simple vista de estas cifras, permite apreciar que\naproximadamente, por cada 4 denuncias en esta materia, se realiz\u00f3 una\ndetenci\u00f3n, entre los a\u00f1os 2018 y 2019, lo que vari\u00f3 para 2020 y 2021, donde la\nrelaci\u00f3n fue de una detenci\u00f3n por cada cinco denuncias. Para ambos grupos de\ndelitos, se produce una disminuci\u00f3n ostensible de las denuncias y detenciones\nen los a\u00f1os 2020 y 2021, lo que pareciera estar asociado a la pandemia Covid,\nm\u00e1s que a las pol\u00edticas preventivas.<\/p>\n\n\n\n<p>Vac\u00edo y solo, sin haber hecho lo\nsuficiente. La tragedia de Texas, que enluta a padres y madres del mundo entero,\nque cada d\u00eda conf\u00edan sus hijos e hijas, al cuidado de escuelas y colegios, debe\nhacernos reflexionar una vez m\u00e1s en Chile.&nbsp;\nLa misma injusticia, la misma impotencia, hemos sentido esta misma\nsemana, cuando fue asesinado de manera artera un trabajador forestal en la\nmacro zona sur.&nbsp; El no portaba armas, se\ndirig\u00eda a su trabajo junto a sus compa\u00f1eros. No hay consigna, ni causa alguna\nque justifique cr\u00edmenes como estos.<\/p>\n\n\n\n<p>Sin haber hecho lo suficiente. Cuantas\nveces se ha justificado por motivos ideol\u00f3gicos, la destrucci\u00f3n del mobiliario\np\u00fablico, la quema de buses, el robo y destrucci\u00f3n de mobiliario de\nestablecimientos educacionales. Cuantas veces, se ha buscado justificar en\ndemandas sociales, el incendio de maquinaria forestal, camiones, casas y\nveh\u00edculos de trabajadores de la macro zona sur. No ser\u00e1 hora, de hacernos cargo\ntodos (as) como sociedad, del engendro que estamos criando. <\/p>\n\n\n\n<p>No podemos desdoblarnos, entre el discurso\npol\u00edticamente correcto, dirigido a un nicho de seguidores, de electores, o de\nactivistas, y nuestras caras llorosas, y ojos mirando al cielo, cuando la\ntragedia nos visita. Ninguna autoridad pol\u00edtica, acad\u00e9mica, social o empresarial\nde Chile, puede desentenderse del delicado trance en el que estamos. Todos y\ncada uno (as) debemos asumir lo que nos corresponde, que nadie diga que no\nhicimos lo suficiente, que no tendimos la mano, que no dejamos de lado las\ndiferencias, para buscar los caminos de encuentro, que nuestra patria necesita.<\/p>\n\n\n\n<p>Solo le pido a Dios.<\/p>\n\n\n\n<p>Ernesto Sep\u00falveda Tornero<\/p>\n","protected":false},"excerpt":{"rendered":"<p>Que el dolor no me sea indiferente. &nbsp; Que la reseca muerte no me encuentre, vac\u00edo y solo, sin haber hecho lo suficiente. As\u00ed inicia la famosa canci\u00f3n de Le\u00f3n&#8230; <a class=\"read-more\" href=\"https:\/\/www.radiopresidenteibanez.cl\/web\/solo-le-pido-a-dios\/\">Leer m\u00e1s<\/a><\/p>\n","protected":false},"author":2,"featured_media":29979,"comment_status":"closed","ping_status":"closed","sticky":false,"template":"","format":"standard","meta":{"footnotes":""},"categories":[1],"tags":[],"class_list":["post-29978","post","type-post","status-publish","format-standard","has-post-thumbnail","hentry","category-cronica"],"_links":{"self":[{"href":"https:\/\/www.radiopresidenteibanez.cl\/web\/wp-json\/wp\/v2\/posts\/29978","targetHints":{"allow":["GET"]}}],"collection":[{"href":"https:\/\/www.radiopresidenteibanez.cl\/web\/wp-json\/wp\/v2\/posts"}],"about":[{"href":"https:\/\/www.radiopresidenteibanez.cl\/web\/wp-json\/wp\/v2\/types\/post"}],"author":[{"embeddable":true,"href":"https:\/\/www.radiopresidenteibanez.cl\/web\/wp-json\/wp\/v2\/users\/2"}],"replies":[{"embeddable":true,"href":"https:\/\/www.radiopresidenteibanez.cl\/web\/wp-json\/wp\/v2\/comments?post=29978"}],"version-history":[{"count":0,"href":"https:\/\/www.radiopresidenteibanez.cl\/web\/wp-json\/wp\/v2\/posts\/29978\/revisions"}],"wp:featuredmedia":[{"embeddable":true,"href":"https:\/\/www.radiopresidenteibanez.cl\/web\/wp-json\/wp\/v2\/media\/29979"}],"wp:attachment":[{"href":"https:\/\/www.radiopresidenteibanez.cl\/web\/wp-json\/wp\/v2\/media?parent=29978"}],"wp:term":[{"taxonomy":"category","embeddable":true,"href":"https:\/\/www.radiopresidenteibanez.cl\/web\/wp-json\/wp\/v2\/categories?post=29978"},{"taxonomy":"post_tag","embeddable":true,"href":"https:\/\/www.radiopresidenteibanez.cl\/web\/wp-json\/wp\/v2\/tags?post=29978"}],"curies":[{"name":"wp","href":"https:\/\/api.w.org\/{rel}","templated":true}]}}