{"id":29959,"date":"2022-05-27T16:53:00","date_gmt":"2022-05-27T19:53:00","guid":{"rendered":"https:\/\/www.radiopresidenteibanez.cl\/web\/?p=29959"},"modified":"2022-05-27T12:38:00","modified_gmt":"2022-05-27T15:38:00","slug":"sercotec-lanza-fondo-de-4-200-millones-para-emprendedoras-y-emprendedores","status":"publish","type":"post","link":"https:\/\/www.radiopresidenteibanez.cl\/web\/sercotec-lanza-fondo-de-4-200-millones-para-emprendedoras-y-emprendedores\/","title":{"rendered":"SERCOTEC LANZA FONDO DE $4.200 MILLONES  PARA EMPRENDEDORAS Y EMPRENDEDORES"},"content":{"rendered":"\n<p>Desde el jueves\n26 de mayo, se puede postular al Capital Semilla, programa de Sercotec destinado\na todos quienes tienen una idea de negocio y quieren darle vida a su\nemprendimiento. Con este subsidio, el servicio ha beneficiado a m\u00e1s de 13 mil\nemprendedores y emprendedoras desde el a\u00f1o 2012.<\/p>\n\n\n\n<p>Cada\npostulante que resulte beneficiada o beneficiado acceder\u00e1 a un subsidio m\u00ednimo\nde $3.000.000 (tres millones de pesos) y m\u00e1ximo de $3.500.000 (tres millones,\nquinientos mil pesos) para inversi\u00f3n en bienes y acciones de gesti\u00f3n\nempresarial, con los que podr\u00e1 implementar mejoras en infraestructura, compra\nde materiales, acciones de marketing, capacitaci\u00f3n, entre otros. <\/p>\n\n\n\n<p>El ministro\nde Econom\u00eda, Fomento y Turismo, Nicol\u00e1s Grau, destac\u00f3 que \u201cnuestro compromiso de\nGobierno con los emprendedores y emprendedoras es constante. Sabemos que son\nfundamentales para el crecimiento de la econom\u00eda y estamos haciendo grandes esfuerzos\ny avances para que sus negocios crezcan y perduren en el tiempo. Uno de ellos\nes este subsidio, para quienes quieren empezar. Es un capital que sirve como\nimpulso inicial para que esa idea de negocio se concrete\u201d.<\/p>\n\n\n\n<p>Por su parte la Seremi de Economia, Fomento y\nTurismo de la regi\u00f3n de Magallanes y Antartica Chilena, Ruth Saieh Latrach,\nrecalc\u00f3, \u201cexistir\u00e1n puntos de apoyo para ayudar y apoyar las postulaciones en\nlos Centros de Negocios y tambi\u00e9n se realizaran charlas y cursos online de la\nmano de Punto Mipe, todos esos detalles de los horarios pueden encontrarlos en\nla pagina <a href=\"http:\/\/www.sercotec.cl\">www.sercotec.cl<\/a> , los invito a todos y y todas a\nparticipar\u201d.<\/p>\n\n\n\n<p>El Capital\nSemilla est\u00e1 destinado a hombres y mujeres mayores de 18 a\u00f1os que quieran\nempezar el camino del emprendimiento Por eso, el principal requisito es no\ntener inicio de actividades en primera categor\u00eda ante el Servicio de Impuestos\nInternos. Las postulaciones comienzan hoy, jueves 26 de mayo, a las 12 horas, y\nestar\u00e1n abiertas hasta el jueves 01 de junio a las 15:00 horas. Toda la\ninformaci\u00f3n de la convocatoria se encuentra en <a href=\"http:\/\/www.sercotec.cl\">www.sercotec.cl<\/a>\n<\/p>\n","protected":false},"excerpt":{"rendered":"<p>Desde el jueves 26 de mayo, se puede postular al Capital Semilla, programa de Sercotec destinado a todos quienes tienen una idea de negocio y quieren darle vida a su&#8230; <a class=\"read-more\" href=\"https:\/\/www.radiopresidenteibanez.cl\/web\/sercotec-lanza-fondo-de-4-200-millones-para-emprendedoras-y-emprendedores\/\">Leer m\u00e1s<\/a><\/p>\n","protected":false},"author":2,"featured_media":29960,"comment_status":"closed","ping_status":"closed","sticky":false,"template":"","format":"standard","meta":{"footnotes":""},"categories":[1],"tags":[],"class_list":["post-29959","post","type-post","status-publish","format-standard","has-post-thumbnail","hentry","category-cronica"],"_links":{"self":[{"href":"https:\/\/www.radiopresidenteibanez.cl\/web\/wp-json\/wp\/v2\/posts\/29959","targetHints":{"allow":["GET"]}}],"collection":[{"href":"https:\/\/www.radiopresidenteibanez.cl\/web\/wp-json\/wp\/v2\/posts"}],"about":[{"href":"https:\/\/www.radiopresidenteibanez.cl\/web\/wp-json\/wp\/v2\/types\/post"}],"author":[{"embeddable":true,"href":"https:\/\/www.radiopresidenteibanez.cl\/web\/wp-json\/wp\/v2\/users\/2"}],"replies":[{"embeddable":true,"href":"https:\/\/www.radiopresidenteibanez.cl\/web\/wp-json\/wp\/v2\/comments?post=29959"}],"version-history":[{"count":0,"href":"https:\/\/www.radiopresidenteibanez.cl\/web\/wp-json\/wp\/v2\/posts\/29959\/revisions"}],"wp:featuredmedia":[{"embeddable":true,"href":"https:\/\/www.radiopresidenteibanez.cl\/web\/wp-json\/wp\/v2\/media\/29960"}],"wp:attachment":[{"href":"https:\/\/www.radiopresidenteibanez.cl\/web\/wp-json\/wp\/v2\/media?parent=29959"}],"wp:term":[{"taxonomy":"category","embeddable":true,"href":"https:\/\/www.radiopresidenteibanez.cl\/web\/wp-json\/wp\/v2\/categories?post=29959"},{"taxonomy":"post_tag","embeddable":true,"href":"https:\/\/www.radiopresidenteibanez.cl\/web\/wp-json\/wp\/v2\/tags?post=29959"}],"curies":[{"name":"wp","href":"https:\/\/api.w.org\/{rel}","templated":true}]}}