{"id":29956,"date":"2022-05-27T15:47:00","date_gmt":"2022-05-27T18:47:00","guid":{"rendered":"https:\/\/www.radiopresidenteibanez.cl\/web\/?p=29956"},"modified":"2022-05-27T12:06:22","modified_gmt":"2022-05-27T15:06:22","slug":"con-un-centenar-de-actividades-en-las-cuatro-provincias-de-la-region-se-realizara-dia-de-los-patrimonios","status":"publish","type":"post","link":"https:\/\/www.radiopresidenteibanez.cl\/web\/con-un-centenar-de-actividades-en-las-cuatro-provincias-de-la-region-se-realizara-dia-de-los-patrimonios\/","title":{"rendered":"CON UN CENTENAR DE ACTIVIDADES EN LAS CUATRO PROVINCIAS DE LA REGION SE REALIZARA DIA DE LOS PATRIMONIOS"},"content":{"rendered":"\n<p>\n\nM\u00e1s de 50&nbsp;instituciones y entidades de las cuatro provincias de la regi\u00f3n participar\u00e1n a trav\u00e9s de casi un centenar de iniciativas&nbsp;en una nueva edici\u00f3n del D\u00eda del Patrimonio Cultural, los d\u00edas 28 y&nbsp;29 de mayo.&nbsp;Organizada por el Ministerio de las Culturas, las Artes y el Patrimonio a lo largo del pa\u00eds, la iniciativa cumple 23 a\u00f1os de historia y retoma con fuerza la oferta de actividades presenciales para volver a ofrecer los&nbsp;panoramas tradicionales favoritos de la ciudadan\u00eda con m\u00e1s de dos&nbsp;mil actividades a lo largo del pa\u00eds&nbsp;&nbsp;Los detalles fueron dados a conocer por representantes&nbsp;de las diversas organizaciones que adherir\u00e1n y apoyar\u00e1n con una nutrida oferta de actividades la realizaci\u00f3n de este evento cultural, quienes se reunieron de manera h\u00edbrida en el sal\u00f3n de la&nbsp;Primera Compa\u00f1\u00eda de Bomberos&nbsp;&#8211;&nbsp;Bomba Magallanes. El encuentro estuvo&nbsp;encabezado por el&nbsp;seremi de las Culturas, las Artes y el Patrimonio, Diego Garc\u00eda,&nbsp;el director regional del Servicio Nacional del Patrimonio Cultural (Serpat), Pablo Quercia, y el integrante de la Unidad de Patrimonio de Bomba Magallanes, Francisco Fadic.<br>\u201cTenemos una cantidad cercana a las cien iniciativas, distribuidas en&nbsp;las cuatro provincias de la Regi\u00f3n de Magallanes. Eso nos pone bien&nbsp;contentos, porque se trata de resaltar un enfoque descentralizador. Es importante se\u00f1alar que un&nbsp;tercio&nbsp;de estas iniciativas tambi\u00e9n&nbsp;cuenta con enfoque de g\u00e9nero y transversal a ello, tambi\u00e9n hacer \u00e9nfasis en la inclusi\u00f3n, que va a marcar este hito\u201d, destac\u00f3 el seremi Diego Garc\u00eda.&nbsp;En tanto, el director regional del Serpat, Pablo Quercia, expres\u00f3 que \u201clas actividades son muy variadas, estamos encantados porque hay casi en la misma proporci\u00f3n iniciativas&nbsp;presenciales y virtuales, y en total&nbsp;se han presentado casi el doble que el a\u00f1o pasado. La oferta es variopinta, contempla&nbsp;desde visitas al parque Mar\u00eda Behety hasta talleres y recorridos por inmuebles donde normalmente no es posible&nbsp;acceder. Como Servicio tenemos varias actividades asociativas con otras entidades, lo que tambi\u00e9n nos tiene muy satisfechos\u201d.&nbsp;Los organizadores destacaron la presencia de participantes que han adherido por a\u00f1os a esta iniciativa, as\u00ed como de nuevos actores que se han incorporado en esta edici\u00f3n y la presencia de representantes de las provincias a trav\u00e9s del formato virtual. Cada uno de ellos expuso los detalles de&nbsp;sus iniciativas, todas&nbsp;disponibles en el sitio web&nbsp;<a href=\"https:\/\/www.diadelospatrimonios.cl\/\" rel=\"noreferrer noopener\" target=\"_blank\">https:\/\/www.diadelospatrimonios.cl\/<\/a><\/p>\n\n\n\n<p>En esta ocasi\u00f3n, participan con&nbsp;&nbsp;talleres, lanzamientos audiovisuales, charlas, conversatorios u otras iniciativas presenciales y virtuales las siguientes entidades:&nbsp;Agrupaci\u00f3n M\u00e1rtires del 13 de enero de 1919, ANIVIN Producciones Audiovisuales, Austro Colectivo, Biblioteca P\u00fablica Municipal N\u00b0 15 de Porvenir &#8211; Tierra del Fuego, Biblioteca P\u00fablica Municipal N\u00b0 16 de Puerto Natales, Biblioteca P\u00fablica Municipal Torres del Paine, Bomba Magallanes, Caja Los Andes + PLANTSSS APP,&nbsp;Carabineros de Chile &#8211; XII Zona de Magallanes y Ant\u00e1rtica Chilena, Club Deportivo Hermandad de la Costa, Conaf, Coro Arte Vocal de Punta Arenas; Corporaci\u00f3n Municipal de Cultura, Turismo y Patrimonio de Natales; Delegaci\u00f3n Presidencial Provincial de Ant\u00e1rtica Chilena; Direcci\u00f3n Regional de Arquitectura, Enap, Empresa Portuaria Austral, Espacio Cultural Casa Azul del Arte, Fundaci\u00f3n para la Superaci\u00f3n de la Pobreza- Programa Servicio Pa\u00eds; fundaciones&nbsp;ProCultura, Telef\u00f3nica Movistar y&nbsp;Teraike; INIA Kampenaike, Instituto Ant\u00e1rtico Chileno, Instituto Profesional y Centro de Formaci\u00f3n T\u00e9cnica Santo Tomas Punta Arenas, Liceo Polivalente Sara Braun, Movimiento ciudadano Pro Verde; municipalidades de Cabo de Hornos, Primavera, Puerto Natales, Punta Arenas, Torres del Paine; museos Antropol\u00f3gico Martin Gusinde, Hist\u00f3rico Municipalidad de Natales, Nao Victoria, Regional de Magallanes, Salesiano Maggiorino Borgatello; Oficina T\u00e9cnica Regional del Consejo de Monumentos Nacionales, Palacio Sara Braun-Club de la Uni\u00f3n de Punta Arenas, Parroquia Catedral de Punta Arenas, Programa educativo GascoEduca, Radio Magallanes, Ruta Violeta; serem\u00edas de Bienes Nacionales y Medio Ambiente Magallanes; Servicio de Gobierno Regional de Magallanes y de la Ant\u00e1rtica Chilena; Servicio M\u00e9dico Legal; Sociedad de Instrucci\u00f3n Popular y&nbsp;Universidad de Magallanes.<\/p>\n\n\n\n<p><\/p>\n","protected":false},"excerpt":{"rendered":"<p>M\u00e1s de 50&nbsp;instituciones y entidades de las cuatro provincias de la regi\u00f3n participar\u00e1n a trav\u00e9s de casi un centenar de iniciativas&nbsp;en una nueva edici\u00f3n del D\u00eda del Patrimonio Cultural, los&#8230; <a class=\"read-more\" href=\"https:\/\/www.radiopresidenteibanez.cl\/web\/con-un-centenar-de-actividades-en-las-cuatro-provincias-de-la-region-se-realizara-dia-de-los-patrimonios\/\">Leer m\u00e1s<\/a><\/p>\n","protected":false},"author":2,"featured_media":29957,"comment_status":"closed","ping_status":"closed","sticky":false,"template":"","format":"standard","meta":{"footnotes":""},"categories":[1],"tags":[],"class_list":["post-29956","post","type-post","status-publish","format-standard","has-post-thumbnail","hentry","category-cronica"],"_links":{"self":[{"href":"https:\/\/www.radiopresidenteibanez.cl\/web\/wp-json\/wp\/v2\/posts\/29956","targetHints":{"allow":["GET"]}}],"collection":[{"href":"https:\/\/www.radiopresidenteibanez.cl\/web\/wp-json\/wp\/v2\/posts"}],"about":[{"href":"https:\/\/www.radiopresidenteibanez.cl\/web\/wp-json\/wp\/v2\/types\/post"}],"author":[{"embeddable":true,"href":"https:\/\/www.radiopresidenteibanez.cl\/web\/wp-json\/wp\/v2\/users\/2"}],"replies":[{"embeddable":true,"href":"https:\/\/www.radiopresidenteibanez.cl\/web\/wp-json\/wp\/v2\/comments?post=29956"}],"version-history":[{"count":0,"href":"https:\/\/www.radiopresidenteibanez.cl\/web\/wp-json\/wp\/v2\/posts\/29956\/revisions"}],"wp:featuredmedia":[{"embeddable":true,"href":"https:\/\/www.radiopresidenteibanez.cl\/web\/wp-json\/wp\/v2\/media\/29957"}],"wp:attachment":[{"href":"https:\/\/www.radiopresidenteibanez.cl\/web\/wp-json\/wp\/v2\/media?parent=29956"}],"wp:term":[{"taxonomy":"category","embeddable":true,"href":"https:\/\/www.radiopresidenteibanez.cl\/web\/wp-json\/wp\/v2\/categories?post=29956"},{"taxonomy":"post_tag","embeddable":true,"href":"https:\/\/www.radiopresidenteibanez.cl\/web\/wp-json\/wp\/v2\/tags?post=29956"}],"curies":[{"name":"wp","href":"https:\/\/api.w.org\/{rel}","templated":true}]}}