{"id":29953,"date":"2022-05-27T14:20:00","date_gmt":"2022-05-27T17:20:00","guid":{"rendered":"https:\/\/www.radiopresidenteibanez.cl\/web\/?p=29953"},"modified":"2022-05-27T12:01:28","modified_gmt":"2022-05-27T15:01:28","slug":"ninos-y-jovenes-de-poblacion-silva-henriquez-viviran-tercera-jornada-municipal-punta-arenas-mas-cerca","status":"publish","type":"post","link":"https:\/\/www.radiopresidenteibanez.cl\/web\/ninos-y-jovenes-de-poblacion-silva-henriquez-viviran-tercera-jornada-municipal-punta-arenas-mas-cerca\/","title":{"rendered":"NI\u00d1OS y JOVENES DE POBLACION SILVA HENRIQUEZ VIVIRAN TERCERA JORNADA MUNICIPAL \u201cPUNTA ARENAS MAS CERCA\u201d"},"content":{"rendered":"\n<p> Este viernes (27 de mayo), a partir de las 14.30 horas, el Municipio local realizar\u00e1 el tercer operativo \u201cPunta Arenas M\u00e1s Cerca, Ni\u00f1os y J\u00f3venes\u201d, en la sede vecinal de la poblaci\u00f3n Cardenal Ra\u00fal Silva Henr\u00edquez.<br>En esta oportunidad, los ni\u00f1os y adolescentes hasta 14 a\u00f1os, tendr\u00e1n la posibilidad de vivir una jornada de concientizaci\u00f3n ambiental, adem\u00e1s de participar de distintas actividades recreativas y art\u00edsticas, como globoflexia, rinc\u00f3n art\u00edstico, pintacaritas, compostaje y muchos m\u00e1s, todo enfocado en permitir que desarrollen su creatividad y la conexi\u00f3n con sus pares.<br>La iniciativa forma parte de un ciclo de operativos que inici\u00f3 el pasado 29 de abril, con una tarde recreativa para los m\u00e1s peque\u00f1os, y que continu\u00f3 el viernes 13 de mayo, con una tarde enfocada en la cultura y las artes, espec\u00edficamente.<br>La jornada se realizar\u00e1 entre las 14.30 y las 18 horas, y es abierta a todos los ni\u00f1os, ni\u00f1as y adolescentes de la comuna. <\/p>\n","protected":false},"excerpt":{"rendered":"<p>Este viernes (27 de mayo), a partir de las 14.30 horas, el Municipio local realizar\u00e1 el tercer operativo \u201cPunta Arenas M\u00e1s Cerca, Ni\u00f1os y J\u00f3venes\u201d, en la sede vecinal de&#8230; <a class=\"read-more\" href=\"https:\/\/www.radiopresidenteibanez.cl\/web\/ninos-y-jovenes-de-poblacion-silva-henriquez-viviran-tercera-jornada-municipal-punta-arenas-mas-cerca\/\">Leer m\u00e1s<\/a><\/p>\n","protected":false},"author":2,"featured_media":29954,"comment_status":"closed","ping_status":"closed","sticky":false,"template":"","format":"standard","meta":{"footnotes":""},"categories":[1],"tags":[],"class_list":["post-29953","post","type-post","status-publish","format-standard","has-post-thumbnail","hentry","category-cronica"],"_links":{"self":[{"href":"https:\/\/www.radiopresidenteibanez.cl\/web\/wp-json\/wp\/v2\/posts\/29953","targetHints":{"allow":["GET"]}}],"collection":[{"href":"https:\/\/www.radiopresidenteibanez.cl\/web\/wp-json\/wp\/v2\/posts"}],"about":[{"href":"https:\/\/www.radiopresidenteibanez.cl\/web\/wp-json\/wp\/v2\/types\/post"}],"author":[{"embeddable":true,"href":"https:\/\/www.radiopresidenteibanez.cl\/web\/wp-json\/wp\/v2\/users\/2"}],"replies":[{"embeddable":true,"href":"https:\/\/www.radiopresidenteibanez.cl\/web\/wp-json\/wp\/v2\/comments?post=29953"}],"version-history":[{"count":0,"href":"https:\/\/www.radiopresidenteibanez.cl\/web\/wp-json\/wp\/v2\/posts\/29953\/revisions"}],"wp:featuredmedia":[{"embeddable":true,"href":"https:\/\/www.radiopresidenteibanez.cl\/web\/wp-json\/wp\/v2\/media\/29954"}],"wp:attachment":[{"href":"https:\/\/www.radiopresidenteibanez.cl\/web\/wp-json\/wp\/v2\/media?parent=29953"}],"wp:term":[{"taxonomy":"category","embeddable":true,"href":"https:\/\/www.radiopresidenteibanez.cl\/web\/wp-json\/wp\/v2\/categories?post=29953"},{"taxonomy":"post_tag","embeddable":true,"href":"https:\/\/www.radiopresidenteibanez.cl\/web\/wp-json\/wp\/v2\/tags?post=29953"}],"curies":[{"name":"wp","href":"https:\/\/api.w.org\/{rel}","templated":true}]}}