{"id":29950,"date":"2022-05-27T12:41:00","date_gmt":"2022-05-27T15:41:00","guid":{"rendered":"https:\/\/www.radiopresidenteibanez.cl\/web\/?p=29950"},"modified":"2022-05-27T11:45:33","modified_gmt":"2022-05-27T14:45:33","slug":"dia-de-los-patrimonios-instituto-de-la-patagonia-ofrecera-teatro-recorridos-museograficos-y-exhibicion-del-patrimonio-radial","status":"publish","type":"post","link":"https:\/\/www.radiopresidenteibanez.cl\/web\/dia-de-los-patrimonios-instituto-de-la-patagonia-ofrecera-teatro-recorridos-museograficos-y-exhibicion-del-patrimonio-radial\/","title":{"rendered":"DIA DE LOS PATRIMONIOS: INSTITUTO DE LA PATAGONIA OFRECERA TEATRO, RECORRIDOS MUSEOGRAFICOS Y EXHIBICION DEL PATRIMONIO RADIAL"},"content":{"rendered":"\n<p>Con motivo de la conmemoraci\u00f3n del D\u00eda de los Patrimonios 2022, este domingo 29 de mayo, el Instituto de la Patagonia de la Universidad de Magallanes (UMAG), abrir\u00e1 sus puertas a la comunidad para ofrecer diversas actividades relacionadas a este evento cultural que se celebra a lo largo de Chile.<\/p>\n\n\n\n<p>El Museo del Recuerdo y el Centro de Documentaci\u00f3n Fuego-Patagonia, ser\u00e1n los espacios que albergar\u00e1n los distintos panoramas, que partir\u00e1n, a las 12.00 horas, con la&nbsp;<a href=\"https:\/\/youtu.be\/XxjrgTpNlQo\" target=\"_blank\" rel=\"noreferrer noopener\">transmisi\u00f3n radial de la Asociaci\u00f3n de Radiodifusores de Chile (ARCHI) red Magallanes y de la Ant\u00e1rtica Chilena<\/a>, a prop\u00f3sito de los cien a\u00f1os de la primera transmisi\u00f3n radial en nuestro pa\u00eds.<\/p>\n\n\n\n<p>En ese contexto, la programaci\u00f3n continuar\u00e1 a las 15.30 horas con una exhibici\u00f3n de la historia de la radiotelefon\u00eda magall\u00e1nica titulada \u201cPatrimonio Radial: Un siglo en Chile\u201d, ocasi\u00f3n en la que se mostrar\u00e1n equipos, fotograf\u00edas y audios de la ic\u00f3nicas voces de los locutores y locutoras locales, con la participaci\u00f3n, adem\u00e1s, de invitados especiales que entregar\u00e1n sus testimonios y vivencias de la radio en Magallanes.<\/p>\n\n\n\n<p>A partir de las 16.30 horas, en tanto, se vivir\u00e1 una jornada de teatro museogr\u00e1fico con la obra \u201cCasa de Modas\u201d dirigida por la actriz y directora del Grupo de Teatro UMAG, Nitzam\u00e9 Mayorga. Se trata de una pieza que se estren\u00f3 el 2019 y que aborda&nbsp;la historia de cuatro mujeres que se encuentran en una sastrer\u00eda del a\u00f1o 1940 con pensamientos e ideales distintos.Un montaje que, durante la pandemia, emigr\u00f3 a formato radial, obteniendo gran \u00e9xito en la audiencia.<\/p>\n\n\n\n<p>En paralelo, habr\u00e1 recorridos guiados por las instalaciones del Museo del Recuerdo y, m\u00e1s tarde, a las 18.00 horas, algunas charlas y presentaciones, como es el estudio de caracterizaci\u00f3n antropol\u00f3gica del pueblo Selk\u00b4nam efectuado por la UMAG, la Universidad Cat\u00f3lica Cardenal Silva Henr\u00edquez y la comunidad ind\u00edgena \u201cCovadonga Ona\u201d, denominada \u201cEl pueblo Selk\u00b4nam est\u00e1 vivo\u201d. La m\u00fasica tambi\u00e9n se har\u00e1 presente a las 18.00 horas en el Pabell\u00f3n Mar\u00edtimo del Museo a trav\u00e9s de la actuaci\u00f3n del d\u00fao magall\u00e1nico Lluvia \u00c1cida con su pieza \u201cSonidos de Karukinka\u201d.<\/p>\n\n\n\n<p>Para la directora de Extensi\u00f3n de la Universidad de Magallanes, M\u00f3nica Araus, \u201ca trav\u00e9s de estas actividades volvemos a abrir las puertas del Instituto de la Patagonia, retomando este espacio como un verdadero parque cultural para las distintas disciplinas art\u00edsticas. Invitamos a nuestros conciudadanos a compartir nuestros patrimonios colectivos y personales a trav\u00e9s de la expresi\u00f3n de la m\u00fasica, las artes esc\u00e9nicas, las artes radiales y la historia local. Creemos que debemos fomentar encuentros presenciales que nos permitir\u00e1n salvaguardar aquellos patrimonios invisibilizados\u201d.<\/p>\n","protected":false},"excerpt":{"rendered":"<p>Con motivo de la conmemoraci\u00f3n del D\u00eda de los Patrimonios 2022, este domingo 29 de mayo, el Instituto de la Patagonia de la Universidad de Magallanes (UMAG), abrir\u00e1 sus puertas&#8230; <a class=\"read-more\" href=\"https:\/\/www.radiopresidenteibanez.cl\/web\/dia-de-los-patrimonios-instituto-de-la-patagonia-ofrecera-teatro-recorridos-museograficos-y-exhibicion-del-patrimonio-radial\/\">Leer m\u00e1s<\/a><\/p>\n","protected":false},"author":2,"featured_media":29951,"comment_status":"closed","ping_status":"closed","sticky":false,"template":"","format":"standard","meta":{"footnotes":""},"categories":[1],"tags":[],"class_list":["post-29950","post","type-post","status-publish","format-standard","has-post-thumbnail","hentry","category-cronica"],"_links":{"self":[{"href":"https:\/\/www.radiopresidenteibanez.cl\/web\/wp-json\/wp\/v2\/posts\/29950","targetHints":{"allow":["GET"]}}],"collection":[{"href":"https:\/\/www.radiopresidenteibanez.cl\/web\/wp-json\/wp\/v2\/posts"}],"about":[{"href":"https:\/\/www.radiopresidenteibanez.cl\/web\/wp-json\/wp\/v2\/types\/post"}],"author":[{"embeddable":true,"href":"https:\/\/www.radiopresidenteibanez.cl\/web\/wp-json\/wp\/v2\/users\/2"}],"replies":[{"embeddable":true,"href":"https:\/\/www.radiopresidenteibanez.cl\/web\/wp-json\/wp\/v2\/comments?post=29950"}],"version-history":[{"count":0,"href":"https:\/\/www.radiopresidenteibanez.cl\/web\/wp-json\/wp\/v2\/posts\/29950\/revisions"}],"wp:featuredmedia":[{"embeddable":true,"href":"https:\/\/www.radiopresidenteibanez.cl\/web\/wp-json\/wp\/v2\/media\/29951"}],"wp:attachment":[{"href":"https:\/\/www.radiopresidenteibanez.cl\/web\/wp-json\/wp\/v2\/media?parent=29950"}],"wp:term":[{"taxonomy":"category","embeddable":true,"href":"https:\/\/www.radiopresidenteibanez.cl\/web\/wp-json\/wp\/v2\/categories?post=29950"},{"taxonomy":"post_tag","embeddable":true,"href":"https:\/\/www.radiopresidenteibanez.cl\/web\/wp-json\/wp\/v2\/tags?post=29950"}],"curies":[{"name":"wp","href":"https:\/\/api.w.org\/{rel}","templated":true}]}}