{"id":29941,"date":"2022-05-27T09:13:00","date_gmt":"2022-05-27T12:13:00","guid":{"rendered":"https:\/\/www.radiopresidenteibanez.cl\/web\/?p=29941"},"modified":"2022-05-27T08:51:55","modified_gmt":"2022-05-27T11:51:55","slug":"asociacion-de-basquetbol-punta-arenas-presento-trofeos-del-campeonato-copa-aguas-magallanes","status":"publish","type":"post","link":"https:\/\/www.radiopresidenteibanez.cl\/web\/asociacion-de-basquetbol-punta-arenas-presento-trofeos-del-campeonato-copa-aguas-magallanes\/","title":{"rendered":"ASOCIACION DE BASQUETBOL PUNTA ARENAS PRESENTO TROFEOS DEL CAMPEONATO COPA AGUAS MAGALLANES"},"content":{"rendered":"\n<p>Retomando la gran fiesta del baloncesto, este mes comenz\u00f3 con nuevos br\u00edos una nueva temporada del b\u00e1squetbol federado, d\u00e1ndose inicio a la Copa Aguas Magallanes. Este jueves la Asociaci\u00f3n de B\u00e1squetbol Federado de Punta Arenas y Aguas Magallanes, presentaron los trofeos que est\u00e1n siendo disputados por los equipos en competencia, tanto en la serie Adulto Damas como en la categor\u00eda Adulto Varones.<br>\u00a0<br>Mauricio Castreje, vicepresidente de la Asociaci\u00f3n de B\u00e1squetbol se\u00f1al\u00f3 que, \u201ccada fin de semana se revive la fiesta deportiva y hoy m\u00e1s a\u00fan, cuando de manera paulatina y cumpliendo las medidas sanitarias, podemos retomar con mayor normalidad una actividad que tantos buenos momentos le ha dado a las familias magall\u00e1nicas\u201d.<br>Por su parte, Christian Adema Galetovic, gerente regional de Aguas Magallanes, destac\u00f3 la oportunidad de apoyar nuevamente esta importante disciplina deportiva. \u201cA trav\u00e9s del b\u00e1squetbol, se pone en valor el trabajo en equipo, la constancia, el respeto y el entusiasmo de ir por cada punto para lograr la victoria. M\u00e1s all\u00e1 de aquello, ac\u00e1 todos son ganadores, sobre todo porque vemos que sigue vivo un deporte que nos ha regalado tantos buenos momentos y referentes inolvidables a nuestra regi\u00f3n\u201d.<br>\u00a0<br>En la oportunidad, la organizaci\u00f3n entreg\u00f3 detalles del torneo tanto de damas, cuyos partidos se est\u00e1n jugando los s\u00e1bados, como la de los partidos de la serie varones, que se juegan los domingos. En el caso de los hombres, la modalidad es todos contra todos durante dos ruedas y luego un play off, en el que participar\u00e1n los dos equipos que obtengan mayor cantidad de puntos. Para la categor\u00eda damas, en tanto, el campeonato incluir\u00e1 tres ruedas e igualmente un play off con los dos equipos de mejor desempe\u00f1o.<br>Cada una de las fechas se realizar\u00e1 en el Gimnasio de la Confederaci\u00f3n Deportiva de Magallanes, ubicado en O\u2019Higgins 0110, Punta Arenas. <\/p>\n","protected":false},"excerpt":{"rendered":"<p>Retomando la gran fiesta del baloncesto, este mes comenz\u00f3 con nuevos br\u00edos una nueva temporada del b\u00e1squetbol federado, d\u00e1ndose inicio a la Copa Aguas Magallanes. Este jueves la Asociaci\u00f3n de&#8230; <a class=\"read-more\" href=\"https:\/\/www.radiopresidenteibanez.cl\/web\/asociacion-de-basquetbol-punta-arenas-presento-trofeos-del-campeonato-copa-aguas-magallanes\/\">Leer m\u00e1s<\/a><\/p>\n","protected":false},"author":2,"featured_media":29942,"comment_status":"closed","ping_status":"closed","sticky":false,"template":"","format":"standard","meta":{"footnotes":""},"categories":[1],"tags":[],"class_list":["post-29941","post","type-post","status-publish","format-standard","has-post-thumbnail","hentry","category-cronica"],"_links":{"self":[{"href":"https:\/\/www.radiopresidenteibanez.cl\/web\/wp-json\/wp\/v2\/posts\/29941","targetHints":{"allow":["GET"]}}],"collection":[{"href":"https:\/\/www.radiopresidenteibanez.cl\/web\/wp-json\/wp\/v2\/posts"}],"about":[{"href":"https:\/\/www.radiopresidenteibanez.cl\/web\/wp-json\/wp\/v2\/types\/post"}],"author":[{"embeddable":true,"href":"https:\/\/www.radiopresidenteibanez.cl\/web\/wp-json\/wp\/v2\/users\/2"}],"replies":[{"embeddable":true,"href":"https:\/\/www.radiopresidenteibanez.cl\/web\/wp-json\/wp\/v2\/comments?post=29941"}],"version-history":[{"count":0,"href":"https:\/\/www.radiopresidenteibanez.cl\/web\/wp-json\/wp\/v2\/posts\/29941\/revisions"}],"wp:featuredmedia":[{"embeddable":true,"href":"https:\/\/www.radiopresidenteibanez.cl\/web\/wp-json\/wp\/v2\/media\/29942"}],"wp:attachment":[{"href":"https:\/\/www.radiopresidenteibanez.cl\/web\/wp-json\/wp\/v2\/media?parent=29941"}],"wp:term":[{"taxonomy":"category","embeddable":true,"href":"https:\/\/www.radiopresidenteibanez.cl\/web\/wp-json\/wp\/v2\/categories?post=29941"},{"taxonomy":"post_tag","embeddable":true,"href":"https:\/\/www.radiopresidenteibanez.cl\/web\/wp-json\/wp\/v2\/tags?post=29941"}],"curies":[{"name":"wp","href":"https:\/\/api.w.org\/{rel}","templated":true}]}}