{"id":29789,"date":"2022-05-20T14:43:00","date_gmt":"2022-05-20T17:43:00","guid":{"rendered":"https:\/\/www.radiopresidenteibanez.cl\/web\/?p=29789"},"modified":"2022-05-20T12:07:53","modified_gmt":"2022-05-20T15:07:53","slug":"adultos-mayores-y-junats-de-vecinos-participaron-activamente-de-primer-conversatorio-de-salud-impulsado-por-hosdpital-de-puerto-natales","status":"publish","type":"post","link":"https:\/\/www.radiopresidenteibanez.cl\/web\/adultos-mayores-y-junats-de-vecinos-participaron-activamente-de-primer-conversatorio-de-salud-impulsado-por-hosdpital-de-puerto-natales\/","title":{"rendered":"ADULTOS MAYORES y JUNATS DE VECINOS PARTICIPARON ACTIVAMENTE DE PRIMER CONVERSATORIO DE SALUD IMPULSADO POR HOSDPITAL DE PUERTO NATALES"},"content":{"rendered":"\n<p>Con el objetivo de recoger informaci\u00f3n sobre necesidades y brechas en atenci\u00f3n de salud propiamente tal de la comuna de Puerto Natales, el d\u00eda de hoy se llev\u00f3 a cabo el primer conversatorio de salud abierto a la comunidad en lo que va del a\u00f1o.<br>\nLa iniciativa impulsada por el equipo social del Hospital Augusto Essmann Burgos, se desarroll\u00f3 en la Junta de Vecinos N\u00b0 2 \u201cAndr\u00e9s Bello\u201d de la ciudad, y tuvo como finalidad generar un espacio de di\u00e1logo entre la comunidad y el Hospital con respecto al valor social de la atenci\u00f3n de salud en la comuna, donde se trataron diversos temas de inter\u00e9s como lo son las consultas m\u00e9dicas, acceso de pacientes con movilidad reducida, mejoramientos de procedimientos y futuras rondas m\u00e9dicas.<br>\nEn la ocasi\u00f3n, participaron m\u00e1s de 25 adultos mayores de diferentes organizaciones sociales y juntas de vecinos; instancia donde tuvieron la oportunidad de expresar sus inquietudes y solicitudes a la Direcci\u00f3n del Hospital de Natales; representado por el director Ricardo Moya M\u00e1rquez; Subdirecci\u00f3n M\u00e9dica, representado por el Dr. Antonio Mirando y referentes del Servicio de Farmacia, CAE Adulto, SOME, Laboratorio y SAMU.<br>\nEn ese contexto, el director del Hospital de Puerto Natales, Ricardo Moya M\u00e1rquez, destac\u00f3 la importancia de generar estas instancias participativas con el objetivo de construir propuestas para una mejor atenci\u00f3n en salud.<br>\n\u201cComo el principal recinto asistencial de la Provincia de \u00daltima Esperanza, estamos muy contentos y satisfechos de lo que fue este primer conversatorio de salud juntos a los principales referentes de cada servicio. Tuvimos la oportunidad interactuar de manera directa con la comunidad con el fin de intercambiar opiniones y otorgar soluciones conforme a las demandas de nuestros usuarios\/as\u201d, se\u00f1al\u00f3 el director del establecimiento.<br>\nPor su parte, Gaby de Freitas, presidenta de la Uni\u00f3n Comunal del Adulto Mayor de Puerto Natales (UCAM), se\u00f1al\u00f3 que \u201cestamos muy agradecidos como adultos mayores y como usuarios del Hospital que de manera presencial; tanto el director del establecimiento, como de su equipo de trabajo, hayan podido escuchar atentamente las inquietudes que muchos tenemos con respecto a las atenciones y al funcionamiento de ciertos servicios. Esperamos que prontamente tengamos m\u00e1s encuentros de este tipo, ya que es muy provechoso y satisfactorio para aclarar dudas de manera directa\u201d, destac\u00f3 la presidenta de la UCAM.<br>\nFinalmente, Cristian Cort\u00e9s Pinto, asistente social del \u00e1rea de atenci\u00f3n cerrada del Hospital de Natales, enfatiz\u00f3 en la importancia de acercar cada vez m\u00e1s al Hospital con la comunidad, se\u00f1alando que \u201cen primer lugar quisiera agradecer enormemente la disponibilidad y la accesibilidad del director Ricardo Moya por acercar al Hospital a la comunidad; recabando todas las inquietudes y la valiosa informaci\u00f3n que nos proporcionaron los asistentes a este primer conversatorio de salud con el fin de poder plantear las diversas necesidades y requerimientos que tiene la comunidad, en especial de nuestros adultos mayores\u201d, concluy\u00f3 Cort\u00e9s.<\/p>\n","protected":false},"excerpt":{"rendered":"<p>Con el objetivo de recoger informaci\u00f3n sobre necesidades y brechas en atenci\u00f3n de salud propiamente tal de la comuna de Puerto Natales, el d\u00eda de hoy se llev\u00f3 a cabo&#8230; <a class=\"read-more\" href=\"https:\/\/www.radiopresidenteibanez.cl\/web\/adultos-mayores-y-junats-de-vecinos-participaron-activamente-de-primer-conversatorio-de-salud-impulsado-por-hosdpital-de-puerto-natales\/\">Leer m\u00e1s<\/a><\/p>\n","protected":false},"author":2,"featured_media":29790,"comment_status":"closed","ping_status":"closed","sticky":false,"template":"","format":"standard","meta":{"footnotes":""},"categories":[1],"tags":[],"class_list":["post-29789","post","type-post","status-publish","format-standard","has-post-thumbnail","hentry","category-cronica"],"_links":{"self":[{"href":"https:\/\/www.radiopresidenteibanez.cl\/web\/wp-json\/wp\/v2\/posts\/29789","targetHints":{"allow":["GET"]}}],"collection":[{"href":"https:\/\/www.radiopresidenteibanez.cl\/web\/wp-json\/wp\/v2\/posts"}],"about":[{"href":"https:\/\/www.radiopresidenteibanez.cl\/web\/wp-json\/wp\/v2\/types\/post"}],"author":[{"embeddable":true,"href":"https:\/\/www.radiopresidenteibanez.cl\/web\/wp-json\/wp\/v2\/users\/2"}],"replies":[{"embeddable":true,"href":"https:\/\/www.radiopresidenteibanez.cl\/web\/wp-json\/wp\/v2\/comments?post=29789"}],"version-history":[{"count":0,"href":"https:\/\/www.radiopresidenteibanez.cl\/web\/wp-json\/wp\/v2\/posts\/29789\/revisions"}],"wp:featuredmedia":[{"embeddable":true,"href":"https:\/\/www.radiopresidenteibanez.cl\/web\/wp-json\/wp\/v2\/media\/29790"}],"wp:attachment":[{"href":"https:\/\/www.radiopresidenteibanez.cl\/web\/wp-json\/wp\/v2\/media?parent=29789"}],"wp:term":[{"taxonomy":"category","embeddable":true,"href":"https:\/\/www.radiopresidenteibanez.cl\/web\/wp-json\/wp\/v2\/categories?post=29789"},{"taxonomy":"post_tag","embeddable":true,"href":"https:\/\/www.radiopresidenteibanez.cl\/web\/wp-json\/wp\/v2\/tags?post=29789"}],"curies":[{"name":"wp","href":"https:\/\/api.w.org\/{rel}","templated":true}]}}