{"id":29783,"date":"2022-05-20T11:58:00","date_gmt":"2022-05-20T14:58:00","guid":{"rendered":"https:\/\/www.radiopresidenteibanez.cl\/web\/?p=29783"},"modified":"2022-05-20T11:42:09","modified_gmt":"2022-05-20T14:42:09","slug":"pdi-recibio-nueve-vehiculos-de-primer-nivel-tras-financiamiento-del-gobierno-regional","status":"publish","type":"post","link":"https:\/\/www.radiopresidenteibanez.cl\/web\/pdi-recibio-nueve-vehiculos-de-primer-nivel-tras-financiamiento-del-gobierno-regional\/","title":{"rendered":"PDI RECIBIO NUEVE VEHICULOS DE PRIMER NIVEL TRAS FINANCIAMIENTO DEL GOBIERNO REGIONAL"},"content":{"rendered":"\n<p>Nueve veh\u00edculos policiales, con los mejores est\u00e1ndares tecnol\u00f3gicos y de calidad, fueron entregados hoy, de manera simb\u00f3lica, a la Regi\u00f3n Policial de Magallanes y de la Ant\u00e1rtica Chilena de parte del Gobierno Regional. <br>\nLa renovaci\u00f3n de este parque automotriz, signific\u00f3 una inversi\u00f3n de m\u00e1s de 295 millones de pesos, iniciativa financiada a trav\u00e9s del Fondo Nacional de Desarrollo Regional.<br>\n\u201cUna de las tareas fundamentales de quienes dirigen la regi\u00f3n y el pa\u00eds es brindar seguridad y aumentar la sensaci\u00f3n de seguridad de nuestros habitantes para que puedan ejercer en total libertad sus derechos. Hoy podemos entregar un proyecto de veh\u00edculos que est\u00e1n equipados especialmente para las condiciones de este territorio y que van a permitir mayor presencia en los barrios de la PDI\u201d destac\u00f3 el Gobernador Jorge Flies. <br>\nEn la misma l\u00ednea, el prefecto inspector Jos\u00e9 Carrasco Le\u00f3n, jefe de la Regi\u00f3n Policial de Magallanes y de la Ant\u00e1rtica Chilena, agradeci\u00f3 el apoyo del Gobierno Regional y de los consejeros regionales para poder materializar el proyecto y se\u00f1al\u00f3 que \u201ces un momento importante dado que tenemos que contar con veh\u00edculos de buen est\u00e1ndar para poder llegar a todos los puntos de la regi\u00f3n, a los lugares m\u00e1s apartados. Esto se suma a los esfuerzos investigativos, ya que nosotros nos hacemos cargo de los delitos de alta complejidad, del crimen organizado nacional y transnacional. Estamos preocupados de poder contribuir a la desarticulaci\u00f3n de organizaciones criminales que tanto da\u00f1o, preocupaci\u00f3n e inseguridad generan a nuestros habitantes\u201d.<br>\nEsta iniciativa permitir\u00e1 a los detectives tener mejores condiciones para desplazarse a todos los rincones de nuestra regi\u00f3n y as\u00ed realizar su trabajo investigativo y control migratorio en beneficio de toda la comunidad magall\u00e1nica.<br>\n\u201cPara nosotros es muy importante este tipo de entregas. Nuestro deseo es que se refuerce el tema de seguridad publica ac\u00e1 en la comuna\u201d coment\u00f3 Raquel \u00c1lvarez, Presidenta de la Uni\u00f3n Comunal Hernando de Magallanes. <br>\nPor su parte, Jorge Vergara, Presidente de la Uni\u00f3n Comunal de Punta Arenas, declar\u00f3 que \u201ceste es un gran aporte que ha hecho el Gobierno Regional para reforzar a la PDI. Esto les permitir\u00e1 tener mayor acceso a todos los sectores de la ciudad, sobre todo a las zonas periurbanas\u201d.<br>\nLa actividad, que se realiz\u00f3 en el frontis del Gobierno Regional, cont\u00f3 con la presencia de autoridades regionales, comunales y con diversos invitados. <\/p>\n","protected":false},"excerpt":{"rendered":"<p>Nueve veh\u00edculos policiales, con los mejores est\u00e1ndares tecnol\u00f3gicos y de calidad, fueron entregados hoy, de manera simb\u00f3lica, a la Regi\u00f3n Policial de Magallanes y de la Ant\u00e1rtica Chilena de parte&#8230; <a class=\"read-more\" href=\"https:\/\/www.radiopresidenteibanez.cl\/web\/pdi-recibio-nueve-vehiculos-de-primer-nivel-tras-financiamiento-del-gobierno-regional\/\">Leer m\u00e1s<\/a><\/p>\n","protected":false},"author":2,"featured_media":29784,"comment_status":"closed","ping_status":"closed","sticky":false,"template":"","format":"standard","meta":{"footnotes":""},"categories":[1],"tags":[],"class_list":["post-29783","post","type-post","status-publish","format-standard","has-post-thumbnail","hentry","category-cronica"],"_links":{"self":[{"href":"https:\/\/www.radiopresidenteibanez.cl\/web\/wp-json\/wp\/v2\/posts\/29783","targetHints":{"allow":["GET"]}}],"collection":[{"href":"https:\/\/www.radiopresidenteibanez.cl\/web\/wp-json\/wp\/v2\/posts"}],"about":[{"href":"https:\/\/www.radiopresidenteibanez.cl\/web\/wp-json\/wp\/v2\/types\/post"}],"author":[{"embeddable":true,"href":"https:\/\/www.radiopresidenteibanez.cl\/web\/wp-json\/wp\/v2\/users\/2"}],"replies":[{"embeddable":true,"href":"https:\/\/www.radiopresidenteibanez.cl\/web\/wp-json\/wp\/v2\/comments?post=29783"}],"version-history":[{"count":0,"href":"https:\/\/www.radiopresidenteibanez.cl\/web\/wp-json\/wp\/v2\/posts\/29783\/revisions"}],"wp:featuredmedia":[{"embeddable":true,"href":"https:\/\/www.radiopresidenteibanez.cl\/web\/wp-json\/wp\/v2\/media\/29784"}],"wp:attachment":[{"href":"https:\/\/www.radiopresidenteibanez.cl\/web\/wp-json\/wp\/v2\/media?parent=29783"}],"wp:term":[{"taxonomy":"category","embeddable":true,"href":"https:\/\/www.radiopresidenteibanez.cl\/web\/wp-json\/wp\/v2\/categories?post=29783"},{"taxonomy":"post_tag","embeddable":true,"href":"https:\/\/www.radiopresidenteibanez.cl\/web\/wp-json\/wp\/v2\/tags?post=29783"}],"curies":[{"name":"wp","href":"https:\/\/api.w.org\/{rel}","templated":true}]}}