{"id":29774,"date":"2022-05-21T12:17:00","date_gmt":"2022-05-21T15:17:00","guid":{"rendered":"https:\/\/www.radiopresidenteibanez.cl\/web\/?p=29774"},"modified":"2022-05-20T09:11:25","modified_gmt":"2022-05-20T12:11:25","slug":"instruccion-de-la-direccion-general-de-aguas-del-mop-permitira-mayor-representatividad-en-organizaciones-de-usuarios-de-aguas","status":"publish","type":"post","link":"https:\/\/www.radiopresidenteibanez.cl\/web\/instruccion-de-la-direccion-general-de-aguas-del-mop-permitira-mayor-representatividad-en-organizaciones-de-usuarios-de-aguas\/","title":{"rendered":"Instrucci\u00f3n de la Direcci\u00f3n General de Aguas del MOP permitir\u00e1 mayor representatividad en organizaciones de usuarios de aguas"},"content":{"rendered":"\n<p>La Direcci\u00f3n General de Aguas del Ministerio de Obras P\u00fablicas dict\u00f3 una circular para que los y las titulares que conforman las organizaciones de usuarios de aguas, participen en igual representatividad en los directorios que conforman, independiente de la menor o mayor cantidad de acciones que tengan en sus derechos de aprovechamiento.<br>\nLa DGA sostiene que el prop\u00f3sito de esta medida, que se encontraba tanto en el anterior C\u00f3digo de Aguas as\u00ed como tambi\u00e9n en el vigente con la publicaci\u00f3n de la ley 21.435,  es fortalecer que \u201cel agua, que es un bien nacional de uso p\u00fablico que se debe administrar adecuadamente con un directorio representativo de titulares peque\u00f1os, medianos y grandes, tomando decisiones en conjunto en el territorio y sin que nadie se sienta excluido por tener m\u00e1s o menos agua seg\u00fan sus derechos, velando por la correcta distribuci\u00f3n de las aguas y supervigilar la extracci\u00f3n de las mismas\u201d. <br>\nCabe se\u00f1alar, que el principal rol de las organizaciones de usuarios de aguas es la la gesti\u00f3n y distribuci\u00f3n de las aguas entre sus miembros conforme a sus derechos de aprovechamiento, as\u00ed como tambi\u00e9n administrar las obras comunes y resolver los conflictos que se produzcan entre uno o m\u00e1s usuarios, entre otros. De ah\u00ed, que el directorio sea el administrador de una organizaci\u00f3n de usuarios de aguas y por lo tanto, debe estar integrado por comuneros que garanticen velar por diversos intereses, as\u00ed, cada comunero podr\u00e1 presentar un solo candidato al cargo de director o directora de una organizaci\u00f3n de usuarios.<br>\nDe este modo, mediante la circular N\u00b0 2 del 20 de abril, la DGA instruye a las diversas organizaciones de usuarios sobre la forma de elegir a su directorio, indicando que quienes tengan mayor cantidad de acciones s\u00f3lo podr\u00e1n optar a un representante en el directorio, promoviendo la inclusi\u00f3n de los usuarios m\u00e1s peque\u00f1os y su representatividad. Medida que regir\u00e1 para los directorios que deban renovarse o constituirse por primera vez a contar de esa fecha.<br>\nEl documento de la DGA aclara que las organizaciones de usuarios, al ser comunidades que gestionan y administran un bien nacional de uso p\u00fablico, como es el agua, no pueden entenderse como sociedades civiles o comerciales. Por lo tanto, un accionista de una organizaci\u00f3n de usuarios de agua no puede designar a dos o m\u00e1s representantes para postular al directorio, independiente de la participaci\u00f3n accionaria que tenga dentro de la organizaci\u00f3n de usuarios.<br>\nPor lo tanto, cada comunero podr\u00e1 presentar un solo candidato al cargo de director de una organizaci\u00f3n de usuarios, ya sea a s\u00ed mismo o a su representante legal en el caso de las personas jur\u00eddicas. <br>\nNo obstante, cuando un comunero, actuando por s\u00ed o representado, sea titular de un caudal equivalente a m\u00e1s de una acci\u00f3n de la organizaci\u00f3n de usuarios, \u00e9ste podr\u00e1 dividir sus acciones y votar por m\u00e1s de un candidato a director. <br>\nValga mencionar que una organizaci\u00f3n de aguas est\u00e1 formada por todas las personas titulares de derechos de aprovechamiento de aguas que provienen de una misma fuente, sea \u00e9sta superficial o subterr\u00e1nea. Asimismo, en el nuevo C\u00f3digo de Aguas, se fijan los plazos para la formaci\u00f3n de Comunidades de Aguas Subterr\u00e1neas en nuevas Zonas de Prohibici\u00f3n (12 meses para registrarse en la DGA) y Zonas de Prohibici\u00f3n y \u00c1reas de Restricci\u00f3n ya declaradas (12 meses para iniciar el tr\u00e1mite).<\/p>\n","protected":false},"excerpt":{"rendered":"<p>La Direcci\u00f3n General de Aguas del Ministerio de Obras P\u00fablicas dict\u00f3 una circular para que los y las titulares que conforman las organizaciones de usuarios de aguas, participen en igual&#8230; <a class=\"read-more\" href=\"https:\/\/www.radiopresidenteibanez.cl\/web\/instruccion-de-la-direccion-general-de-aguas-del-mop-permitira-mayor-representatividad-en-organizaciones-de-usuarios-de-aguas\/\">Leer m\u00e1s<\/a><\/p>\n","protected":false},"author":2,"featured_media":29775,"comment_status":"closed","ping_status":"closed","sticky":false,"template":"","format":"standard","meta":{"footnotes":""},"categories":[1],"tags":[],"class_list":["post-29774","post","type-post","status-publish","format-standard","has-post-thumbnail","hentry","category-cronica"],"_links":{"self":[{"href":"https:\/\/www.radiopresidenteibanez.cl\/web\/wp-json\/wp\/v2\/posts\/29774","targetHints":{"allow":["GET"]}}],"collection":[{"href":"https:\/\/www.radiopresidenteibanez.cl\/web\/wp-json\/wp\/v2\/posts"}],"about":[{"href":"https:\/\/www.radiopresidenteibanez.cl\/web\/wp-json\/wp\/v2\/types\/post"}],"author":[{"embeddable":true,"href":"https:\/\/www.radiopresidenteibanez.cl\/web\/wp-json\/wp\/v2\/users\/2"}],"replies":[{"embeddable":true,"href":"https:\/\/www.radiopresidenteibanez.cl\/web\/wp-json\/wp\/v2\/comments?post=29774"}],"version-history":[{"count":0,"href":"https:\/\/www.radiopresidenteibanez.cl\/web\/wp-json\/wp\/v2\/posts\/29774\/revisions"}],"wp:featuredmedia":[{"embeddable":true,"href":"https:\/\/www.radiopresidenteibanez.cl\/web\/wp-json\/wp\/v2\/media\/29775"}],"wp:attachment":[{"href":"https:\/\/www.radiopresidenteibanez.cl\/web\/wp-json\/wp\/v2\/media?parent=29774"}],"wp:term":[{"taxonomy":"category","embeddable":true,"href":"https:\/\/www.radiopresidenteibanez.cl\/web\/wp-json\/wp\/v2\/categories?post=29774"},{"taxonomy":"post_tag","embeddable":true,"href":"https:\/\/www.radiopresidenteibanez.cl\/web\/wp-json\/wp\/v2\/tags?post=29774"}],"curies":[{"name":"wp","href":"https:\/\/api.w.org\/{rel}","templated":true}]}}