{"id":29691,"date":"2022-05-17T16:47:00","date_gmt":"2022-05-17T19:47:00","guid":{"rendered":"https:\/\/www.radiopresidenteibanez.cl\/web\/?p=29691"},"modified":"2022-05-17T15:46:26","modified_gmt":"2022-05-17T18:46:26","slug":"realizan-primera-reunion-2022-del-comite-para-la-gestion-del-riesgo-de-desastres","status":"publish","type":"post","link":"https:\/\/www.radiopresidenteibanez.cl\/web\/realizan-primera-reunion-2022-del-comite-para-la-gestion-del-riesgo-de-desastres\/","title":{"rendered":"REALIZAN PRIMERA REUNION 2022 DEL COMITE PARA LA GESTION DEL RIESGO DE DESASTRES"},"content":{"rendered":"\n<p>En dependencias del Comando\nConjunto Austral, este viernes tuvo lugar&nbsp;\nla primera reuni\u00f3n de trabajo&nbsp; del\nComit\u00e9 para la Gesti\u00f3n del Riesgo de Desastres de la Regi\u00f3n de Magallanes y de\nla Ant\u00e1rtica Chilena (COGRID), en lo que va del a\u00f1o, cuyo objetivo fue conocer\nlos protocolos de funcionamiento y desarrollo de sus funciones como autoridades\nregionales dentro del \u00e1mbito de la gesti\u00f3n de riesgo de desastres en\nconformidad a lo que dicta la ley en este \u00e1mbito y que se encuadra en las\ndiferentes etapas del ciclo del riesgo.&nbsp;&nbsp;&nbsp;\n<\/p>\n\n\n\n<p>La instancia fue liderada por la\nDelegada Presidencial Regional de Magallanes y de la Ant\u00e1rtica Chilena, Luz\nBerm\u00fadez Sandoval, quien se\u00f1al\u00f3 \u201caunque uno espera que este comit\u00e9 sea\nconvocado escasamente, tenemos que estar preparados siempre en la eventualidad\nde que, en caso de una emergencia, podamos enfrentarla con todas las\nherramientas&nbsp; t\u00e9cnicas, con una unidad de\nmando y los servicios competentes actuar en forma coordinada\u201d.<\/p>\n\n\n\n<p>Por su parte el director regional\nde la SENAPRED reiter\u00f3 la importancia de esta instancia de coordinaci\u00f3n\nregional, ya que \u201cpara el Servicio Nacional de Prevenci\u00f3n y Respuesta ante\nDesastres, se requiere de una revisi\u00f3n continua junto a las autoridades y\nservicios relacionados de la operacionalidad y coordinaci\u00f3n de las actividades\nen caso de emergencia, desastre o cat\u00e1strofe, siempre fortaleciendo al comit\u00e9\nregional, que lidera la Delegada Presidencial y cuenta, adem\u00e1s, en la toma de\ndecisiones con la participaci\u00f3n del Gobernador Regional\u201d. <\/p>\n\n\n\n<p>Cabe se\u00f1alar que&nbsp; en las Fases del ciclo del riesgo de\nmitigaci\u00f3n y preparaci\u00f3n, la Delegada Presidencial Regional actuar\u00e1 en\ncoordinaci\u00f3n con el Gobernador Regional. En dichas fases, podr\u00e1 convocar al\nComit\u00e9 Regional, para ser o\u00eddos, a otras entidades y organismos p\u00fablicos y\nprivados necesarios para abordar temas relevantes en la gesti\u00f3n del riesgo de\ndesastres. En particular, podr\u00e1 convocar a organismos, que sean necesarios para\ntrabajar en mejorar las capacidades para enfrentar las diferentes variables que\namenazan a nuestra regi\u00f3n. <\/p>\n\n\n\n<p>En las Fases de Respuesta y\nRecuperaci\u00f3n, la Delegada Presidencial Regional,&nbsp; a propuesta del Director Regional del\nservicio, podr\u00e1 convocar, para ser o\u00eddos, adem\u00e1s de los permanentes, a los\norganismos p\u00fablicos y privados con las competencias t\u00e9cnicas que resulten\nestrictamente necesarias para abordar la emergencia, seg\u00fan sean sus\ncaracter\u00edsticas, nivel de peligrosidad, alcance y amplitud de la misma, en la\nforma que determinen los protocolos celebrados entre los organismos competentes\ny la ONEMI regional. <\/p>\n\n\n\n<p>Adem\u00e1s de la Delegada Berm\u00fadez,\nparticiparon desde los organismos competentes, el director de Oficina Nacional\nde Emergencia, futuro SENAPRED, Juan Carlos Andrades Careaga, Comandante en\nJefe de V Divisi\u00f3n de Ej\u00e9rcito y&nbsp; Comandante\ndel Comando Conjunto Austral, Sergio Est\u00e9vez, Comandante en Jefe de la III Zona\nNaval, Fernando Borcoski, Jefe de la Regi\u00f3n Policial de Investigaciones, Jos\u00e9\nCarrasco, Jefe Estado Mayor de la IV Brigada A\u00e9rea, Gabriel Figueroa, y los\ncomandantes de las Fuerzas Armadas y Orden y Seguridad P\u00fablica.&nbsp;&nbsp; Seremi de Minvu, Arturo Mu\u00f1oz, Seremi de\nEducaci\u00f3n, Valent\u00edn Aguilera, Seremi de Salud, Francisca Sanfuentes, Seremi de\nGobierno, Arturo D\u00edaz, Seremi&nbsp; de\nTransportes y Telecomunicaciones, Rodrigo Hern\u00e1ndez, Seremi de Desarrollo\nSocial y Familia, Danilo Mimica, Jefe Administraci\u00f3n y Finanzas del Gobierno\nRegional, Jorge Altamirano<\/p>\n\n\n\n<p>Finalmente, dicha reuni\u00f3n de\ntrabajo se enmarca dentro de las diferentes actividades que est\u00e1n previstas\npara este a\u00f1o dentro de las labores preventivas y de preparaci\u00f3n de las nuevas\nautoridades de gobierno para responder en forma eficiente y eficaz a cualquier\nevento que como comunidad magall\u00e1nica debamos enfrentar, considerando adem\u00e1s\nque la pr\u00f3xima actividad dentro del \u00e1mbito de preparaci\u00f3n se llevar\u00e1 a efecto\nel pr\u00f3ximo 26 de mayo con la ejecuci\u00f3n de la Plenaria de la Plataforma para la\nReducci\u00f3n de Riesgo de Desastres que semestralmente se re\u00fane para verificar los\nestados de avance del Plan Regional de Reducci\u00f3n de Riesgos de Desastres (RRD)\ny la propuesta de nuevas iniciativas para continuar mejorado la preparaci\u00f3n de\nla regi\u00f3n.<\/p>\n","protected":false},"excerpt":{"rendered":"<p>En dependencias del Comando Conjunto Austral, este viernes tuvo lugar&nbsp; la primera reuni\u00f3n de trabajo&nbsp; del Comit\u00e9 para la Gesti\u00f3n del Riesgo de Desastres de la Regi\u00f3n de Magallanes y&#8230; <a class=\"read-more\" href=\"https:\/\/www.radiopresidenteibanez.cl\/web\/realizan-primera-reunion-2022-del-comite-para-la-gestion-del-riesgo-de-desastres\/\">Leer m\u00e1s<\/a><\/p>\n","protected":false},"author":2,"featured_media":29692,"comment_status":"closed","ping_status":"closed","sticky":false,"template":"","format":"standard","meta":{"footnotes":""},"categories":[1],"tags":[],"class_list":["post-29691","post","type-post","status-publish","format-standard","has-post-thumbnail","hentry","category-cronica"],"_links":{"self":[{"href":"https:\/\/www.radiopresidenteibanez.cl\/web\/wp-json\/wp\/v2\/posts\/29691","targetHints":{"allow":["GET"]}}],"collection":[{"href":"https:\/\/www.radiopresidenteibanez.cl\/web\/wp-json\/wp\/v2\/posts"}],"about":[{"href":"https:\/\/www.radiopresidenteibanez.cl\/web\/wp-json\/wp\/v2\/types\/post"}],"author":[{"embeddable":true,"href":"https:\/\/www.radiopresidenteibanez.cl\/web\/wp-json\/wp\/v2\/users\/2"}],"replies":[{"embeddable":true,"href":"https:\/\/www.radiopresidenteibanez.cl\/web\/wp-json\/wp\/v2\/comments?post=29691"}],"version-history":[{"count":0,"href":"https:\/\/www.radiopresidenteibanez.cl\/web\/wp-json\/wp\/v2\/posts\/29691\/revisions"}],"wp:featuredmedia":[{"embeddable":true,"href":"https:\/\/www.radiopresidenteibanez.cl\/web\/wp-json\/wp\/v2\/media\/29692"}],"wp:attachment":[{"href":"https:\/\/www.radiopresidenteibanez.cl\/web\/wp-json\/wp\/v2\/media?parent=29691"}],"wp:term":[{"taxonomy":"category","embeddable":true,"href":"https:\/\/www.radiopresidenteibanez.cl\/web\/wp-json\/wp\/v2\/categories?post=29691"},{"taxonomy":"post_tag","embeddable":true,"href":"https:\/\/www.radiopresidenteibanez.cl\/web\/wp-json\/wp\/v2\/tags?post=29691"}],"curies":[{"name":"wp","href":"https:\/\/api.w.org\/{rel}","templated":true}]}}