{"id":29647,"date":"2022-05-16T13:17:00","date_gmt":"2022-05-16T16:17:00","guid":{"rendered":"https:\/\/www.radiopresidenteibanez.cl\/web\/?p=29647"},"modified":"2022-05-16T12:33:55","modified_gmt":"2022-05-16T15:33:55","slug":"boletin-informativo-9","status":"publish","type":"post","link":"https:\/\/www.radiopresidenteibanez.cl\/web\/boletin-informativo-9\/","title":{"rendered":"BOLETIN INFORMATIVO"},"content":{"rendered":"\n<p>\n\nSANTIAGO.- El ministro de la Segpres, Giorgio Jackson, afirm\u00f3<br>que este lunes se analizar\u00e1n m\u00e1s medidas de seguridad para<br>los ministros, tras asalto en casa de Maya Fern\u00e1ndez. Aunque,<br>el secretario de Estado destac\u00f3 que \u00abes uno de los temas que<br>est\u00e1 dentro de las preocupaciones. El c\u00f3mo en el uso de las<br>distintas funciones se puede garantizar tambi\u00e9n seguridad,<br>pero la prioridad a quienes entregarles seguridad hoy d\u00eda es<br>a las personas\u00bb, dijo.<\/p>\n\n\n\n<p>SANTIAGO.- Jackson agreg\u00f3 que \u00abel foco de todas nuestras<br>acciones y los esfuerzos est\u00e1n centrados en que hoy d\u00eda las<br>personas que est\u00e1n en la casa puedan, al mismo tiempo, tener<br>seguridad respecto a que no van a ser violentados en la<br>calle, no van a sufrir robos, colusiones por parte de las<br>empresas, delitos ambientales, pero tambi\u00e9n dar seguridad en<br>el derecho a la salud, educaci\u00f3n, pensi\u00f3n digna\u00bb. As\u00ed, ambas<br>dimensiones, son parte de la preocupaci\u00f3n del Gobierno\u00bb,<br>destac\u00f3.<\/p>\n\n\n\n<p>SANTIAGO.- Tras recibir un informe de insumos por parte del<br>Ejecutivo para la discusi\u00f3n de propuestas de disposiciones<br>transitorias, la mesa de la Convenci\u00f3n Constitucional se<br>refiri\u00f3 a las encuestas publicadas en el \u00faltimo periodo y que<br>dan un triunfo a la opci\u00f3n del Rechazo. Al respecto, el<br>vicepresidente del \u00f3rgano, Gaspar Dom\u00ednguez, dijo que \u00abla<br>percepci\u00f3n real de la ciudadan\u00eda sobre su posici\u00f3n respecto<br>al borrador, solo la conoceremos el 4 de septiembre en el<br>Plebiscito\u00bb.<\/p>\n\n\n\n<p>SANTIAGO.- En ese sentido, reconoci\u00f3 que \u00abtenemos mucha<br>confianza que primero, es natural que en un proceso de esta<br>naturaleza exista incertidumbre, cuando no se conoce el<br>mecanismo de transici\u00f3n\u00bb. \u00abEs por eso que en esta \u00faltima<br>etapa, personalmente tengo la convicci\u00f3n de que la ciudadan\u00eda<br>podr\u00e1 generar certezas que le genere la seguridad de poder<br>ver con mejores ojos este proceso, en cuanto conozca c\u00f3mo va<br>a ser la transici\u00f3n de la antigua Constituci\u00f3n a la nueva<br>Constituci\u00f3n\u00bb, sostuvo.<\/p>\n\n\n\n<p>SANTIAGO.- El Ministerio de Salud report\u00f3 4 mil 206 casos<br>nuevos de coronavirus, con lo de hoy, ya son cuatro d\u00edas<br>consecutivos con m\u00e1s de 4 mil contagios diarios. Asimismo, se<br>explic\u00f3 que hubo 8 decesos. As\u00ed, ya son 3 millones 605 mil<br>522 las personas dieron positivo al covid-19 y 57 mil 722<br>fallecieron. La variaci\u00f3n de nuevos casos confirmados a nivel<br>nacional es de 42 por ciento.<\/p>\n\n\n\n<p>SANTIAGO.- En tanto, la cartera detall\u00f3 que la regi\u00f3n de<br>Metropolitana tiene la tasa de incidencia actual m\u00e1s alta por<br>100 mil habitantes, seguida por las regiones de Valpara\u00edso,<br>Atacama y Magallanes. En tanto, las regiones con mayor<br>positividad son la Metropolitana, Valpara\u00edso, O&#8217;Higgins y<br>Magallanes. As\u00ed tambi\u00e9n el Minsal report\u00f3 159 contagiados con<br>coronavirus en la UCI. De ellos, 119 requieren estar<br>conectados a ventilaci\u00f3n mec\u00e1nica.<\/p>\n\n\n\n<p>ANTOFAGASTA.- Un hombre de 18 a\u00f1os fue detenido en<br>Antofagasta luego de resistirse a un control policial y<br>disparar en contra de un carabinero. El hecho ocurri\u00f3 en el<br>marco de patrullajes preventivos que se realizaban. En el<br>lugar, el sujeto, chileno, extrajo un arma de fuego de sus<br>vestimentas y percut\u00f3 un disparo, que roz\u00f3 el cuello de uno<br>de los funcionarios. Si bien escap\u00f3 por distintas calles para<br>evadir su detenci\u00f3n, fue aprehendido e incautada el arma.<\/p>\n\n\n\n<p>SANTIAGO.- Inter de Mil\u00e1n, con el chileno Alexis S\u00e1nchez<br>desde los \u00faltimos minutos, venci\u00f3 3-1 en su visita a<br>Cagliari. As\u00ed, el cuadro \u00abneroazurro\u00bb, que no tuvo en cancha<br>a Arturo Vidal mantiene la diferencia de dos puntos entre<br>Inter de Mil\u00e1n, 81, y AC Milan, 83, que definir\u00e1n al pr\u00f3ximo<br>campe\u00f3n en la \u00faltima fecha, donde el cuadro de los chilenos<br>debe vencer a Sampdoria como local y esperar que el<br>\u00abRossonero\u00bb pierda s\u00ed o s\u00ed en su visita a Sassuolo.<\/p>\n\n\n\n<p>SANTIAGO.- La chilena Christiane Endler logr\u00f3 el trofeo a la<br>mejor arquera de la liga francesa, premio que consigue por<br>segundo a\u00f1o consecutivo. \u00abTiane\u00bb, de treinta a\u00f1os, juega esta<br>temporada en Olympique de Lyon, mientras que el a\u00f1o pasado<br>consigui\u00f3 el galard\u00f3n mientras militaba en el Par\u00eds<br>Saint-Germain. Al recoger el premio, Endler manifest\u00f3 su<br>agradecimiento a todo su equipo y a los colegas que votaron<br>por ella.<\/p>\n\n\n\n<p>SANTIAGO.- El ex jugador de la selecci\u00f3n chilena y Colo Colo<br>Lizardo \u00abChano\u00bb Garrido, tras ser diagnosticado de leucemia<br>linfobl\u00e1stica, por lo que permanece internado en la Cl\u00ednica<br>Alemana, asegur\u00f3 que dar\u00e1 la pelea hasta el final, tal como<br>aprendi\u00f3 cuando lleg\u00f3 a Colo Colo a los 15 a\u00f1os. Me da pena<br>verme en las condiciones que estoy y darme cuenta de la<br>cantidad de gente que me quiere\u00bb, dijo el ex futbolista y<br>actual funcionario de los albos.<br><\/p>\n","protected":false},"excerpt":{"rendered":"<p>SANTIAGO.- El ministro de la Segpres, Giorgio Jackson, afirm\u00f3que este lunes se analizar\u00e1n m\u00e1s medidas de seguridad paralos ministros, tras asalto en casa de Maya Fern\u00e1ndez. Aunque,el secretario de Estado&#8230; <a class=\"read-more\" href=\"https:\/\/www.radiopresidenteibanez.cl\/web\/boletin-informativo-9\/\">Leer m\u00e1s<\/a><\/p>\n","protected":false},"author":2,"featured_media":29648,"comment_status":"closed","ping_status":"closed","sticky":false,"template":"","format":"standard","meta":{"footnotes":""},"categories":[1],"tags":[],"class_list":["post-29647","post","type-post","status-publish","format-standard","has-post-thumbnail","hentry","category-cronica"],"_links":{"self":[{"href":"https:\/\/www.radiopresidenteibanez.cl\/web\/wp-json\/wp\/v2\/posts\/29647","targetHints":{"allow":["GET"]}}],"collection":[{"href":"https:\/\/www.radiopresidenteibanez.cl\/web\/wp-json\/wp\/v2\/posts"}],"about":[{"href":"https:\/\/www.radiopresidenteibanez.cl\/web\/wp-json\/wp\/v2\/types\/post"}],"author":[{"embeddable":true,"href":"https:\/\/www.radiopresidenteibanez.cl\/web\/wp-json\/wp\/v2\/users\/2"}],"replies":[{"embeddable":true,"href":"https:\/\/www.radiopresidenteibanez.cl\/web\/wp-json\/wp\/v2\/comments?post=29647"}],"version-history":[{"count":0,"href":"https:\/\/www.radiopresidenteibanez.cl\/web\/wp-json\/wp\/v2\/posts\/29647\/revisions"}],"wp:featuredmedia":[{"embeddable":true,"href":"https:\/\/www.radiopresidenteibanez.cl\/web\/wp-json\/wp\/v2\/media\/29648"}],"wp:attachment":[{"href":"https:\/\/www.radiopresidenteibanez.cl\/web\/wp-json\/wp\/v2\/media?parent=29647"}],"wp:term":[{"taxonomy":"category","embeddable":true,"href":"https:\/\/www.radiopresidenteibanez.cl\/web\/wp-json\/wp\/v2\/categories?post=29647"},{"taxonomy":"post_tag","embeddable":true,"href":"https:\/\/www.radiopresidenteibanez.cl\/web\/wp-json\/wp\/v2\/tags?post=29647"}],"curies":[{"name":"wp","href":"https:\/\/api.w.org\/{rel}","templated":true}]}}