{"id":29621,"date":"2022-05-13T20:27:00","date_gmt":"2022-05-13T23:27:00","guid":{"rendered":"https:\/\/www.radiopresidenteibanez.cl\/web\/?p=29621"},"modified":"2022-05-13T23:05:27","modified_gmt":"2022-05-14T02:05:27","slug":"gerente-general-de-epaustral-asume-la-presidencias-de-la-corporacion-de-puertos-del-cono-sur","status":"publish","type":"post","link":"https:\/\/www.radiopresidenteibanez.cl\/web\/gerente-general-de-epaustral-asume-la-presidencias-de-la-corporacion-de-puertos-del-cono-sur\/","title":{"rendered":"GERENTE GENERAL DE EPAUSTRAL ASUME LA PRESIDENCIAS DE LA CORPORACION DE PUERTOS DEL CONO SUR"},"content":{"rendered":"\n<p>\n\nLa nueva directiva est\u00e1 encabezada por el gerente general de Empresa Portuaria Austral, Rodrigo Pommiez (cuarto, de izquierda a derecha en la foto), mientras que la vicepresidencia ser\u00e1 ejercida por Juan Marcos Mancilla, gerente de Log\u00edstica de Empresa Portuaria Valpara\u00edso. En tanto, el segundo vicepresidente ser\u00e1 Fernando Gajardo, gerente de Concesiones de Empresa Portuaria San Antonio; el tesorero, Gast\u00f3n Bast\u00edas, gerente general de Empresa Portuaria Chacabuco, y el secretario, Rodrigo Pinto, gerente general de Empresa Portuaria Arica, como secretario. &nbsp;<br>Respecto de los \u00e9nfasis que espera dar a su gesti\u00f3n como presidente de la Corporaci\u00f3n, el gerente general de Epaustral, Rodrigo Pommiez, expres\u00f3 que \u201ctrabajaremos de manera colaborativa, buscando un liderazgo que integre las distintas miradas y propicie el apoyo en los desaf\u00edos particulares que enfrenta cada puerto. Tenemos la ventaja de cubrir gran parte del territorio nacional, y eso enriquece la conversaci\u00f3n y la b\u00fasqueda de soluciones en este tiempo en que los cambios se van produciendo de manera acelerada\u201d.<br>Asimismo, agradeci\u00f3 la confianza depositada por sus pares, con quienes \u201ccontinuaremos colaborando para posicionar nuevamente los puertos de nuestro pa\u00eds como un destino confiable y sanitariamente seguro\u201d. &nbsp;<br>El ejecutivo recibi\u00f3 el nombramiento como un reconocimiento a la gesti\u00f3n desplegada por el equipo Epaustral durante la temporada pasada, en que \u201clogramos abordar exitosamente el desaf\u00edo de reanudar el tr\u00e1nsito de pasajeros en nuestros terminales, con operaciones cuidadosamente programadas para garantizar la seguridad sanitaria de todos los involucrados. Para ello, adem\u00e1s de instalar equipos, preparar protocolos y otras medidas, propiciamos reuniones de coordinaci\u00f3n con representantes de nuestros trabajadores y equipos de operaciones, as\u00ed como con los distintos actores que intervienen en esta actividad\u201d.<br>El ejecutivo destac\u00f3 que \u201clos puertos de la Regi\u00f3n de Magallanes y Ant\u00e1rtica Chilena fueron los \u00fanicos en el pa\u00eds que mantuvieron un flujo permanente de arribos durante estos meses, lo que permite mantener el liderazgo nacional en esta materia\u201d. Asimismo, acot\u00f3 que \u201ccontinuamos operando como home port o puerto base de las l\u00edneas Australis, Hurtigruten, Silversea y Ponant lo que implica un reconocimiento no solo a nuestra capacidad de servicios, sino a la relevancia de Punta Arenas como punto de abastecimiento y recambio de pasajeros\u201d.<br>La Corporaci\u00f3n de Puertos del Cono Sur agrupa a los puertos chilenos de Arica, Iquique, Antofagasta, Valpara\u00edso, San Antonio, Talcahuano-San Vicente, Puerto Montt y Castro, Chacabuco y Punta Arenas (incluyendo Puerto Natales y Puerto Williams), junto al agente naviero Inchcape Shipping Services, Terminal Pac\u00edfico Sur (TPS) y al operador tur\u00edstico DMC Chile. Su objetivo es posicionar a Chile y sus ciudades puerto como un destino preferente en Sudam\u00e9rica para el mercado de cruceros.<\/p>\n\n\n\n<p><\/p>\n","protected":false},"excerpt":{"rendered":"<p>La nueva directiva est\u00e1 encabezada por el gerente general de Empresa Portuaria Austral, Rodrigo Pommiez (cuarto, de izquierda a derecha en la foto), mientras que la vicepresidencia ser\u00e1 ejercida por&#8230; <a class=\"read-more\" href=\"https:\/\/www.radiopresidenteibanez.cl\/web\/gerente-general-de-epaustral-asume-la-presidencias-de-la-corporacion-de-puertos-del-cono-sur\/\">Leer m\u00e1s<\/a><\/p>\n","protected":false},"author":2,"featured_media":29622,"comment_status":"closed","ping_status":"closed","sticky":false,"template":"","format":"standard","meta":{"footnotes":""},"categories":[1],"tags":[],"class_list":["post-29621","post","type-post","status-publish","format-standard","has-post-thumbnail","hentry","category-cronica"],"_links":{"self":[{"href":"https:\/\/www.radiopresidenteibanez.cl\/web\/wp-json\/wp\/v2\/posts\/29621","targetHints":{"allow":["GET"]}}],"collection":[{"href":"https:\/\/www.radiopresidenteibanez.cl\/web\/wp-json\/wp\/v2\/posts"}],"about":[{"href":"https:\/\/www.radiopresidenteibanez.cl\/web\/wp-json\/wp\/v2\/types\/post"}],"author":[{"embeddable":true,"href":"https:\/\/www.radiopresidenteibanez.cl\/web\/wp-json\/wp\/v2\/users\/2"}],"replies":[{"embeddable":true,"href":"https:\/\/www.radiopresidenteibanez.cl\/web\/wp-json\/wp\/v2\/comments?post=29621"}],"version-history":[{"count":0,"href":"https:\/\/www.radiopresidenteibanez.cl\/web\/wp-json\/wp\/v2\/posts\/29621\/revisions"}],"wp:featuredmedia":[{"embeddable":true,"href":"https:\/\/www.radiopresidenteibanez.cl\/web\/wp-json\/wp\/v2\/media\/29622"}],"wp:attachment":[{"href":"https:\/\/www.radiopresidenteibanez.cl\/web\/wp-json\/wp\/v2\/media?parent=29621"}],"wp:term":[{"taxonomy":"category","embeddable":true,"href":"https:\/\/www.radiopresidenteibanez.cl\/web\/wp-json\/wp\/v2\/categories?post=29621"},{"taxonomy":"post_tag","embeddable":true,"href":"https:\/\/www.radiopresidenteibanez.cl\/web\/wp-json\/wp\/v2\/tags?post=29621"}],"curies":[{"name":"wp","href":"https:\/\/api.w.org\/{rel}","templated":true}]}}