{"id":29618,"date":"2022-05-14T15:38:28","date_gmt":"2022-05-14T18:38:28","guid":{"rendered":"https:\/\/www.radiopresidenteibanez.cl\/web\/?p=29618"},"modified":"2022-05-13T20:40:41","modified_gmt":"2022-05-13T23:40:41","slug":"dialogo-comunitario-atenciones-en-terreno-y-show-canino-incluyo-programa-de-plaza-de-justicia-en-porvenir","status":"publish","type":"post","link":"https:\/\/www.radiopresidenteibanez.cl\/web\/dialogo-comunitario-atenciones-en-terreno-y-show-canino-incluyo-programa-de-plaza-de-justicia-en-porvenir\/","title":{"rendered":"DI\u00c1LOGO COMUNITARIO, ATENCIONES EN TERRENO Y SHOW CANINO INCLUY\u00d3 PROGRAMA DE \u201cPLAZA DE JUSTICIA\u201d EN PORVENIR"},"content":{"rendered":"\n<p>Con la presencia de una veintena de funcionarios p\u00fablicos y una agenda de actividades que se extendi\u00f3 durante dos d\u00edas, el martes 10 y el mi\u00e9rcoles 11, la Secretar\u00eda Regional Ministerial de Justicia y DD.HH. realiz\u00f3 su primera \u201cPlaza de Justicia\u201d del a\u00f1o en Porvenir, retomando este programa de visitas en terreno para interactuar con la comunidad y brindar atenci\u00f3n y entrega de informaci\u00f3n acerca de sus servicios. Por primera vez, esta presencia territorial del sector Justicia cont\u00f3 con la participaci\u00f3n de todos (as) sus directores (as) regionales.<br>\nLas actividades se iniciaron en la tarde del martes con una jornada de di\u00e1logos ciudadanos con organizaciones comunitarias de Tierra del Fuego, la que tuvo lugar en el CFT Magallanes, encabezada por la Seremi de Justicia y Derechos Humanos, Michelle Peutat Alvarado; la Delegada Presidencial Provincial de Tierra del Fuego, Karim Fierro Brstilo; y el Alcalde de Porvenir, Jos\u00e9 Gabriel Parada Aguilar.<br>\nEl d\u00eda 11 se desarrollaron diversas actividades en terreno, incluyendo una visita de la Seremi con la Defensora Regional, Gustava Aguilar Moraga, y el Director Regional de Gendarmer\u00eda, coronel Antonio Ibarra Lillo, hasta el Centro de Detenci\u00f3n Preventiva (CDP) de Porvenir para recorrer sus dependencias. La autoridad de Justicia comparti\u00f3 adem\u00e1s la celebraci\u00f3n del D\u00eda del Alumno en el Liceo Hernando de Magallanes, particip\u00f3 de espacios radiales y junto al Director Regional de Sename, Mario Miranda Barrera, se entrevist\u00f3 con el Juez de Letras y Garant\u00eda de Porvenir, Pablo Aceituno Romero.<br>\nEsta \u201cPlaza de Justicia\u201d culmin\u00f3 con una jornada de atenciones de los servicios relacionados y dependientes del sector Justicia, que se desarroll\u00f3 en dependencias del Colegio Mar\u00eda Auxiliadora. All\u00ed se hicieron presentes Gendarmer\u00eda de Chile \u2013a trav\u00e9s la dupla psicosocial de su direcci\u00f3n regional y Equipo de Canes Adiestrados de Gendarmer\u00eda (ECA)-, la Corporaci\u00f3n de Asistencia Judicial (CAJ), la Defensor\u00eda Penal P\u00fablica, el Servicio M\u00e9dico Legal (SML), el Servicio de Registro Civil e Identificaci\u00f3n y el Servicio Nacional de Menores (Sename). El momento estelar lo brind\u00f3 el equipo del ECA, con un show de proezas caninas a cargo de \u201cHachi\u201d y \u201cBaco\u201d, dos ejemplares de raza Rottweiler que se llevaron todos los aplausos.<br>\nLa Seremi Michelle Peutat destac\u00f3 la acogida a esta iniciativa para acercar el quehacer del sector Justicia a la ciudadan\u00eda, y que se enmarca en un enfoque de m\u00e1s participaci\u00f3n, mayor presencia en el territorio y de realizar una labor de promoci\u00f3n y educativa en las distintas comunas de nuestra regi\u00f3n. M\u00e1s para un gobierno en el cual el trabajo territorial es fundamental: \u201cEl Presidente ha sido muy claro, quiere que sus autoridades est\u00e9n mucho m\u00e1s en la calle que en la oficina\u201d.<br>\nA su vez, la Delegada Presidencial Provincial privilegi\u00f3 acercar tanto a las autoridades concernientes del territorio en t\u00e9rminos de Justicia y Derechos Humanos, como a los servicios que confluyen a partir de la Serem\u00eda, \u201cen una actividad que tiene un car\u00e1cter interactivo, que va a permitir un di\u00e1logo fluido con la comunidad y con diversas autoridades\u201d.<br>\nEl Alcalde Parada agradeci\u00f3 la presencia de la Seremi de Justicia con sus servicios al brindar una instancia para que los vecinos y la comunidad en general puedan asistir y recibir asistencia, esperando que sea la primera de muchas visitas.<\/p>\n","protected":false},"excerpt":{"rendered":"<p>Con la presencia de una veintena de funcionarios p\u00fablicos y una agenda de actividades que se extendi\u00f3 durante dos d\u00edas, el martes 10 y el mi\u00e9rcoles 11, la Secretar\u00eda Regional&#8230; <a class=\"read-more\" href=\"https:\/\/www.radiopresidenteibanez.cl\/web\/dialogo-comunitario-atenciones-en-terreno-y-show-canino-incluyo-programa-de-plaza-de-justicia-en-porvenir\/\">Leer m\u00e1s<\/a><\/p>\n","protected":false},"author":2,"featured_media":29619,"comment_status":"closed","ping_status":"closed","sticky":false,"template":"","format":"standard","meta":{"footnotes":""},"categories":[1],"tags":[],"class_list":["post-29618","post","type-post","status-publish","format-standard","has-post-thumbnail","hentry","category-cronica"],"_links":{"self":[{"href":"https:\/\/www.radiopresidenteibanez.cl\/web\/wp-json\/wp\/v2\/posts\/29618","targetHints":{"allow":["GET"]}}],"collection":[{"href":"https:\/\/www.radiopresidenteibanez.cl\/web\/wp-json\/wp\/v2\/posts"}],"about":[{"href":"https:\/\/www.radiopresidenteibanez.cl\/web\/wp-json\/wp\/v2\/types\/post"}],"author":[{"embeddable":true,"href":"https:\/\/www.radiopresidenteibanez.cl\/web\/wp-json\/wp\/v2\/users\/2"}],"replies":[{"embeddable":true,"href":"https:\/\/www.radiopresidenteibanez.cl\/web\/wp-json\/wp\/v2\/comments?post=29618"}],"version-history":[{"count":0,"href":"https:\/\/www.radiopresidenteibanez.cl\/web\/wp-json\/wp\/v2\/posts\/29618\/revisions"}],"wp:featuredmedia":[{"embeddable":true,"href":"https:\/\/www.radiopresidenteibanez.cl\/web\/wp-json\/wp\/v2\/media\/29619"}],"wp:attachment":[{"href":"https:\/\/www.radiopresidenteibanez.cl\/web\/wp-json\/wp\/v2\/media?parent=29618"}],"wp:term":[{"taxonomy":"category","embeddable":true,"href":"https:\/\/www.radiopresidenteibanez.cl\/web\/wp-json\/wp\/v2\/categories?post=29618"},{"taxonomy":"post_tag","embeddable":true,"href":"https:\/\/www.radiopresidenteibanez.cl\/web\/wp-json\/wp\/v2\/tags?post=29618"}],"curies":[{"name":"wp","href":"https:\/\/api.w.org\/{rel}","templated":true}]}}