{"id":29600,"date":"2022-05-13T18:33:00","date_gmt":"2022-05-13T21:33:00","guid":{"rendered":"https:\/\/www.radiopresidenteibanez.cl\/web\/?p=29600"},"modified":"2022-05-13T20:18:18","modified_gmt":"2022-05-13T23:18:18","slug":"nodo-ciencia-austral-refuerza-trabajo-colaborativo-con-incorporacion-de-nueva-seremi-de-ciencia-de-aysen-y-magallanes","status":"publish","type":"post","link":"https:\/\/www.radiopresidenteibanez.cl\/web\/nodo-ciencia-austral-refuerza-trabajo-colaborativo-con-incorporacion-de-nueva-seremi-de-ciencia-de-aysen-y-magallanes\/","title":{"rendered":"NODO CIENCIA AUSTRAL REFUERZA TRABAJO COLABORATIVO CON INCORPORACION DE NUEVA SEREMI DE CIENCIA DE AYSEN y MAGALLANES"},"content":{"rendered":"\n<p>Buscando impulsar un sistema de gobernanza en materia de Ciencia,\nTecnolog\u00eda, Conocimiento e Innovaci\u00f3n (CTCI), que permita fomentar la\narticulaci\u00f3n de los actores vinculados a estas tem\u00e1ticas, el proyecto Nodo\nCiencia Austral convoca mes a mes al Comit\u00e9 de Coordinaci\u00f3n Macrozonal. En esta\nsesi\u00f3n de mayo, participaron representantes de universidades, centros de\ninvestigaci\u00f3n, gobiernos regionales, servicios p\u00fablicos e instituciones\nprivadas de las regiones australes, destacando la participaci\u00f3n de la Seremi de\nCiencia, Ver\u00f3nica Vallejos, quien expres\u00f3 su inter\u00e9s por aportar en el trabajo\narticulado que lleva adelante el Nodo. \u201cGracias a la informaci\u00f3n presentada por\nlos participantes de Nodo Ciencia Austral pude interiorizarme del trabajo\ndesarrollado hasta ahora. Espero que los resultados del proyecto nos permitan\navanzar en la mirada territorial para la gesti\u00f3n de la ciencia y tecnolog\u00eda y\napoyar la implementaci\u00f3n de iniciativas que logran robustecer el sistema CTCI,\ntanto en la regi\u00f3n de Ays\u00e9n como la de Magallanes y de la Ant\u00e1rtica Chilena<strong>\u201d,\n<\/strong>destac\u00f3 la autoridad macrozonal.<\/p>\n\n\n\n<p>As\u00ed\ntambi\u00e9n, la Seremi de Ciencia -junto a su equipo\u2013 comprometieron su\nparticipaci\u00f3n en las comisiones de trabajo que desarrolla Nodo Ciencia Austral\nen materia de Ciencia Abierta, Gobernanza y Gesti\u00f3n de Iniciativas, liderados\npor investigadores(as) y profesionales de las instituciones ejecutoras:\nUniversidad de Magallanes, Universidad de Ays\u00e9n, Instituto Ant\u00e1rtico Chileno\n(INACH) y Centro de Investigaci\u00f3n en Ecosistemas de la Patagonia (CIEP).<\/p>\n\n\n\n<p>En ese\ncontexto, el director del proyecto, Dr. Juan Carlos Aravena, reconoci\u00f3 los\navances logrados por esta iniciativa que se encuentra en su segundo a\u00f1o de\nimplementaci\u00f3n, gracias al financiamiento de la Agencia Nacional de\nInvestigaci\u00f3n y Desarrollo (ANID). \u201cHemos podido seguir avanzando en la\narticulaci\u00f3n y la colaboraci\u00f3n entre las instituciones que est\u00e1n participando\nen este proyecto y en la informaci\u00f3n de la Hoja de Ruta y nuestra coordinaci\u00f3n\ncon el Nodo de Laboratorios Naturales Subant\u00e1rticos, que es un trabajo\ncolaborativo muy importante para nosotros. Por otro lado, esta \u00faltima sesi\u00f3n\npermiti\u00f3 dar continuidad al trabajo que hemos estado desarrollando con la\nSeremia\u201d, expres\u00f3 Aravena, junto con agradecer la presencia de los equipos de\nla Gobernaci\u00f3n Regional de Ays\u00e9n y la Gobernaci\u00f3n Regional de Magallanes y la\nAnt\u00e1rtica Chilena.<\/p>\n\n\n\n<p>En esta sesi\u00f3n del Comit\u00e9 de Coordinaci\u00f3n Macrozonal se comparti\u00f3\nel estado de avance de los desaf\u00edos del proyecto, entre ellos el proceso de\nco-dise\u00f1o y validaci\u00f3n participativa de la Hoja de Ruta, en miras a contar con\nuna planificaci\u00f3n macrozonal en materia de CTCI hacia el a\u00f1o 2030. Tambi\u00e9n se\ndieron a conocer las cifras de participaci\u00f3n de la primera encuesta de\npercepci\u00f3n social de la ciencia para habitantes de la Macrozona Austral,\ninstrumento que se encuentra disponible en <a href=\"http:\/\/www.nodocienciaaustral.com\/\">www.nodocienciaaustral.cl<\/a>\ny que busca alcanzar una amplia muestra de representatividad en ambas regiones\nen esta \u00faltima semana.<\/p>\n","protected":false},"excerpt":{"rendered":"<p>Buscando impulsar un sistema de gobernanza en materia de Ciencia, Tecnolog\u00eda, Conocimiento e Innovaci\u00f3n (CTCI), que permita fomentar la articulaci\u00f3n de los actores vinculados a estas tem\u00e1ticas, el proyecto Nodo&#8230; <a class=\"read-more\" href=\"https:\/\/www.radiopresidenteibanez.cl\/web\/nodo-ciencia-austral-refuerza-trabajo-colaborativo-con-incorporacion-de-nueva-seremi-de-ciencia-de-aysen-y-magallanes\/\">Leer m\u00e1s<\/a><\/p>\n","protected":false},"author":2,"featured_media":29601,"comment_status":"closed","ping_status":"closed","sticky":false,"template":"","format":"standard","meta":{"footnotes":""},"categories":[1],"tags":[],"class_list":["post-29600","post","type-post","status-publish","format-standard","has-post-thumbnail","hentry","category-cronica"],"_links":{"self":[{"href":"https:\/\/www.radiopresidenteibanez.cl\/web\/wp-json\/wp\/v2\/posts\/29600","targetHints":{"allow":["GET"]}}],"collection":[{"href":"https:\/\/www.radiopresidenteibanez.cl\/web\/wp-json\/wp\/v2\/posts"}],"about":[{"href":"https:\/\/www.radiopresidenteibanez.cl\/web\/wp-json\/wp\/v2\/types\/post"}],"author":[{"embeddable":true,"href":"https:\/\/www.radiopresidenteibanez.cl\/web\/wp-json\/wp\/v2\/users\/2"}],"replies":[{"embeddable":true,"href":"https:\/\/www.radiopresidenteibanez.cl\/web\/wp-json\/wp\/v2\/comments?post=29600"}],"version-history":[{"count":0,"href":"https:\/\/www.radiopresidenteibanez.cl\/web\/wp-json\/wp\/v2\/posts\/29600\/revisions"}],"wp:featuredmedia":[{"embeddable":true,"href":"https:\/\/www.radiopresidenteibanez.cl\/web\/wp-json\/wp\/v2\/media\/29601"}],"wp:attachment":[{"href":"https:\/\/www.radiopresidenteibanez.cl\/web\/wp-json\/wp\/v2\/media?parent=29600"}],"wp:term":[{"taxonomy":"category","embeddable":true,"href":"https:\/\/www.radiopresidenteibanez.cl\/web\/wp-json\/wp\/v2\/categories?post=29600"},{"taxonomy":"post_tag","embeddable":true,"href":"https:\/\/www.radiopresidenteibanez.cl\/web\/wp-json\/wp\/v2\/tags?post=29600"}],"curies":[{"name":"wp","href":"https:\/\/api.w.org\/{rel}","templated":true}]}}