{"id":296,"date":"2019-01-07T15:28:47","date_gmt":"2019-01-07T15:28:47","guid":{"rendered":"http:\/\/www.radiopresidenteibanez.cl\/web\/?p=296"},"modified":"2019-01-07T19:20:46","modified_gmt":"2019-01-07T19:20:46","slug":"prochile-confirmo-renuncia-de-fernanda-bachelet-como-agregada-comercial-de-chile-en-nueva-york","status":"publish","type":"post","link":"https:\/\/www.radiopresidenteibanez.cl\/web\/prochile-confirmo-renuncia-de-fernanda-bachelet-como-agregada-comercial-de-chile-en-nueva-york\/","title":{"rendered":"PROCHILE CONFIRM\u00d3 RENUNCIA DE FERNANDA BACHELET COMO AGREGADA COMERCIAL DE CHILE EN NUEVA YORK"},"content":{"rendered":"\n<p>A trav\u00e9s de un comunicado, firmado por su director&nbsp;Jorge O\u2019Ryan Sch\u00fctz,&nbsp;ProChile confirm\u00f3 la renuncia&nbsp;de Fernanda Bachelet Coto como agregada comercial&nbsp;de Chile en Nueva York,&nbsp;luego de la serie de cr\u00edticas debido a la escasa experiencia de la ingeniera comercial y su acotado curr\u00edculum.<\/p>\n\n\n\n<p>La salida del cargo fue aceptada por la direcci\u00f3n,&nbsp;que detall\u00f3 el contenido de la carta donde expresaba su decisi\u00f3n.<\/p>\n\n\n\n<p>\u00abAgradezco la confianza que se ha depositado en m\u00ed, y entiendo que en virtud de \u00e9sta, es mi obligaci\u00f3n dar un paso al costado.&nbsp;Deseo dejar constancia que desde el d\u00eda que asum\u00ed, he cumplido con las responsabilidades inherentes al cargo\u00bb, escribi\u00f3.<\/p>\n\n\n\n<p>La entidad&nbsp;agradeci\u00f3 y reconoci\u00f3&nbsp;la gesti\u00f3n desarrollada por Bachelet Coto durante estos mesesy reafirm\u00f3 su compromiso con modernizarse, tomando medidas como&nbsp;la consideraci\u00f3n \u00abde nuevos criterios objetivos en el proceso de designaciones, medida que viene siendo analizada desde septiembre del a\u00f1o pasado\u00bb.<\/p>\n\n\n\n<p>Fuente ADNRadio<\/p>\n","protected":false},"excerpt":{"rendered":"<p>A trav\u00e9s de un comunicado, firmado por su director&nbsp;Jorge O\u2019Ryan Sch\u00fctz,&nbsp;ProChile confirm\u00f3 la renuncia&nbsp;de Fernanda Bachelet Coto como agregada comercial&nbsp;de Chile en Nueva York,&nbsp;luego de la serie de cr\u00edticas debido&#8230; <a class=\"read-more\" href=\"https:\/\/www.radiopresidenteibanez.cl\/web\/prochile-confirmo-renuncia-de-fernanda-bachelet-como-agregada-comercial-de-chile-en-nueva-york\/\">Leer m\u00e1s<\/a><\/p>\n","protected":false},"author":2,"featured_media":297,"comment_status":"closed","ping_status":"closed","sticky":false,"template":"","format":"standard","meta":{"footnotes":""},"categories":[5],"tags":[],"class_list":["post-296","post","type-post","status-publish","format-standard","has-post-thumbnail","hentry","category-politica"],"_links":{"self":[{"href":"https:\/\/www.radiopresidenteibanez.cl\/web\/wp-json\/wp\/v2\/posts\/296","targetHints":{"allow":["GET"]}}],"collection":[{"href":"https:\/\/www.radiopresidenteibanez.cl\/web\/wp-json\/wp\/v2\/posts"}],"about":[{"href":"https:\/\/www.radiopresidenteibanez.cl\/web\/wp-json\/wp\/v2\/types\/post"}],"author":[{"embeddable":true,"href":"https:\/\/www.radiopresidenteibanez.cl\/web\/wp-json\/wp\/v2\/users\/2"}],"replies":[{"embeddable":true,"href":"https:\/\/www.radiopresidenteibanez.cl\/web\/wp-json\/wp\/v2\/comments?post=296"}],"version-history":[{"count":0,"href":"https:\/\/www.radiopresidenteibanez.cl\/web\/wp-json\/wp\/v2\/posts\/296\/revisions"}],"wp:featuredmedia":[{"embeddable":true,"href":"https:\/\/www.radiopresidenteibanez.cl\/web\/wp-json\/wp\/v2\/media\/297"}],"wp:attachment":[{"href":"https:\/\/www.radiopresidenteibanez.cl\/web\/wp-json\/wp\/v2\/media?parent=296"}],"wp:term":[{"taxonomy":"category","embeddable":true,"href":"https:\/\/www.radiopresidenteibanez.cl\/web\/wp-json\/wp\/v2\/categories?post=296"},{"taxonomy":"post_tag","embeddable":true,"href":"https:\/\/www.radiopresidenteibanez.cl\/web\/wp-json\/wp\/v2\/tags?post=296"}],"curies":[{"name":"wp","href":"https:\/\/api.w.org\/{rel}","templated":true}]}}