{"id":2959,"date":"2019-04-03T14:05:44","date_gmt":"2019-04-03T14:05:44","guid":{"rendered":"http:\/\/www.radiopresidenteibanez.cl\/web\/?p=2959"},"modified":"2019-04-03T14:05:57","modified_gmt":"2019-04-03T14:05:57","slug":"ante-inminente-riesgo-se-procedio-a-derribar-mural-que-se-encontraba-en-el-patio-de-esculturas-del-museo-municipal-de-porvenir","status":"publish","type":"post","link":"https:\/\/www.radiopresidenteibanez.cl\/web\/ante-inminente-riesgo-se-procedio-a-derribar-mural-que-se-encontraba-en-el-patio-de-esculturas-del-museo-municipal-de-porvenir\/","title":{"rendered":"ANTE INMINENTE RIESGO SE PROCEDI\u00d3 A DERRIBAR MURAL  QUE SE ENCONTRABA EN EL PATIO DE ESCULTURAS DEL MUSEO MUNICIPAL DE PORVENIR"},"content":{"rendered":"\n<p>El a\u00f1o 2013, fue inaugurado en el patio de esculturas del\nmuseo municipal de Porvenir, una recopilaci\u00f3n de fotos de los abor\u00edgenes\nSelk\u2019nam, y un mural de los autores Richard Yasic y Nadia Yasic. Este mural fue\nseriamente afectado debido al incendio que afecto al gimnasio Padre Mario\nZavattaro el a\u00f1o 2015.<\/p>\n\n\n\n<p>Debido a esto se efectu\u00f3 un informe por parte de un\nprevencionista de riesgos, el que indic\u00f3 que este muro hab\u00eda que derribarlo porque\npresentaba graves deterioros en su estructura, y por consecuencia exist\u00eda un\npeligro inminente y latente para cualquier transe\u00fante que circulara por este\nsector.<\/p>\n\n\n\n<p>Se buscaron todas las alternativas para no demoler este muro,\nuna de estas era restaurarlo, por que en ese lugar estaba plasmado en pinturas\nla historia de Porvenir, pero lamentablemente no era posible restaurar el muro\ny es por esta raz\u00f3n que se procedi\u00f3 a su demolici\u00f3n, ante el peligro de un\naccidente que pod\u00eda provocar. <\/p>\n\n\n\n<p>Al respecto la alcaldesa de Porvenir, Marisol Andrade C\u00e1rdenas, se\u00f1al\u00f3 que \u201cen un futuro cercano se va a restaurar, porque la idea es volver a implementar las fotograf\u00edas e instaurar y plasmar el mismo muro que era tan visitado por todos los turistas y entregaba una plena identificaci\u00f3n por todos los porvenire\u00f1os\u201d.<\/p>\n\n\n\n<figure class=\"wp-block-image\"><img loading=\"lazy\" decoding=\"async\" width=\"1024\" height=\"768\" src=\"https:\/\/www.radiopresidenteibanez.cl\/web\/wp-content\/uploads\/2019\/04\/thumbnail_IMG_8314-1024x768.jpg\" alt=\"\" class=\"wp-image-2960\" srcset=\"https:\/\/www.radiopresidenteibanez.cl\/web\/wp-content\/uploads\/2019\/04\/thumbnail_IMG_8314-1024x768.jpg 1024w, https:\/\/www.radiopresidenteibanez.cl\/web\/wp-content\/uploads\/2019\/04\/thumbnail_IMG_8314-300x225.jpg 300w, https:\/\/www.radiopresidenteibanez.cl\/web\/wp-content\/uploads\/2019\/04\/thumbnail_IMG_8314-768x576.jpg 768w, https:\/\/www.radiopresidenteibanez.cl\/web\/wp-content\/uploads\/2019\/04\/thumbnail_IMG_8314.jpg 1280w\" sizes=\"auto, (max-width: 1024px) 100vw, 1024px\" \/><\/figure>\n","protected":false},"excerpt":{"rendered":"<p>El a\u00f1o 2013, fue inaugurado en el patio de esculturas del museo municipal de Porvenir, una recopilaci\u00f3n de fotos de los abor\u00edgenes Selk\u2019nam, y un mural de los autores Richard&#8230; <a class=\"read-more\" href=\"https:\/\/www.radiopresidenteibanez.cl\/web\/ante-inminente-riesgo-se-procedio-a-derribar-mural-que-se-encontraba-en-el-patio-de-esculturas-del-museo-municipal-de-porvenir\/\">Leer m\u00e1s<\/a><\/p>\n","protected":false},"author":2,"featured_media":2960,"comment_status":"closed","ping_status":"closed","sticky":false,"template":"","format":"standard","meta":{"footnotes":""},"categories":[1],"tags":[],"class_list":["post-2959","post","type-post","status-publish","format-standard","has-post-thumbnail","hentry","category-cronica"],"_links":{"self":[{"href":"https:\/\/www.radiopresidenteibanez.cl\/web\/wp-json\/wp\/v2\/posts\/2959","targetHints":{"allow":["GET"]}}],"collection":[{"href":"https:\/\/www.radiopresidenteibanez.cl\/web\/wp-json\/wp\/v2\/posts"}],"about":[{"href":"https:\/\/www.radiopresidenteibanez.cl\/web\/wp-json\/wp\/v2\/types\/post"}],"author":[{"embeddable":true,"href":"https:\/\/www.radiopresidenteibanez.cl\/web\/wp-json\/wp\/v2\/users\/2"}],"replies":[{"embeddable":true,"href":"https:\/\/www.radiopresidenteibanez.cl\/web\/wp-json\/wp\/v2\/comments?post=2959"}],"version-history":[{"count":0,"href":"https:\/\/www.radiopresidenteibanez.cl\/web\/wp-json\/wp\/v2\/posts\/2959\/revisions"}],"wp:featuredmedia":[{"embeddable":true,"href":"https:\/\/www.radiopresidenteibanez.cl\/web\/wp-json\/wp\/v2\/media\/2960"}],"wp:attachment":[{"href":"https:\/\/www.radiopresidenteibanez.cl\/web\/wp-json\/wp\/v2\/media?parent=2959"}],"wp:term":[{"taxonomy":"category","embeddable":true,"href":"https:\/\/www.radiopresidenteibanez.cl\/web\/wp-json\/wp\/v2\/categories?post=2959"},{"taxonomy":"post_tag","embeddable":true,"href":"https:\/\/www.radiopresidenteibanez.cl\/web\/wp-json\/wp\/v2\/tags?post=2959"}],"curies":[{"name":"wp","href":"https:\/\/api.w.org\/{rel}","templated":true}]}}