{"id":29585,"date":"2022-05-13T11:43:00","date_gmt":"2022-05-13T14:43:00","guid":{"rendered":"https:\/\/www.radiopresidenteibanez.cl\/web\/?p=29585"},"modified":"2022-05-13T11:30:55","modified_gmt":"2022-05-13T14:30:55","slug":"gobierno-regional-firma-historico-convenio-de-colaboracion-con-organismo-tecnico","status":"publish","type":"post","link":"https:\/\/www.radiopresidenteibanez.cl\/web\/gobierno-regional-firma-historico-convenio-de-colaboracion-con-organismo-tecnico\/","title":{"rendered":"GOBIERNO REGIONAL FIRMA HISTORICO CONVENIO DE COLABORACION CON ORGANISMO TECNICO"},"content":{"rendered":"\n<p>Con el\nobjetivo de trabajar por los servicios de agua potable y alcantarillado en toda\nla regi\u00f3n de Magallanes, es que, este jueves en la regi\u00f3n Metropolitana, se\nfirm\u00f3 el convenio de colaboraci\u00f3n m\u00e1s amplio del pa\u00eds entre un Gobierno\nRegional y el Organismo T\u00e9cnico del Estado, representado por la sanitaria Aguas\nMagallanes. <\/p>\n\n\n\n<p>Esta\niniciativa permitir\u00e1 atender todo tipo de proyectos en los sectores urbanos y\nrurales de la regi\u00f3n, incluyendo a las zonas periurbanas. <\/p>\n\n\n\n<p>\u201cEste\npaso es tremendamente beneficioso para el territorio.&nbsp; Ahora en conjunto iremos resolviendo los\ntemas de desarrollo, especialmente la extensi\u00f3n de redes, la identificaci\u00f3n de\nnuevas fuentes como en Puerto Natales, regularizar \u00e1reas de concesi\u00f3n en Puerto\nWilliams y llegar y solucionar problemas de agua y alcantarillado en sectores\nperiurbanos\u201d declar\u00f3 el Gobernador Jorge Flies.<\/p>\n\n\n\n<p>Con el\nconvenio se podr\u00e1 trabajar directamente con la empresa concesionaria para\navanzar de manera m\u00e1s r\u00e1pida con el dise\u00f1o y ejecuci\u00f3n de los proyectos que se\nespera puedan abarcar desde Puerto Ed\u00e9n hasta la Ant\u00e1rtica.<\/p>\n\n\n\n<p>Por su\nparte, Ricardo Foretich, jefe de la Divisi\u00f3n de Infraestructura y Transporte\ndel GORE Magallanes, se\u00f1al\u00f3 que \u201cpara el Gobierno Regional resulta fundamental\npoder contar con la experiencia y suficiencia t\u00e9cnica de la empresa para\nabordar este tipo de proyectos que son de alta complejidad y que terminar\u00e1n con\nlos problemas que conocemos en comunas como Porvenir, San Gregorio o Cerro\nSombrero\u201d. <\/p>\n\n\n\n<p>Adem\u00e1s,\nel Gobierno Regional complementar\u00e1 estas acciones apoyando en asesor\u00edas\nt\u00e9cnicas para la operaci\u00f3n y mantenci\u00f3n de los sistemas de APR y ALC en las\ncomunas rurales de la regi\u00f3n, por lo cual, se espera que en las pr\u00f3ximas\nsemanas representantes de ambas entidades se re\u00fanan con los alcaldes de las\ndistintas comunas de Magallanes, debido a que tambi\u00e9n requieren el apoyo para\nun buen manejo del agua potable y la disposici\u00f3n de aguas servidas.<\/p>\n","protected":false},"excerpt":{"rendered":"<p>Con el objetivo de trabajar por los servicios de agua potable y alcantarillado en toda la regi\u00f3n de Magallanes, es que, este jueves en la regi\u00f3n Metropolitana, se firm\u00f3 el&#8230; <a class=\"read-more\" href=\"https:\/\/www.radiopresidenteibanez.cl\/web\/gobierno-regional-firma-historico-convenio-de-colaboracion-con-organismo-tecnico\/\">Leer m\u00e1s<\/a><\/p>\n","protected":false},"author":2,"featured_media":29586,"comment_status":"closed","ping_status":"closed","sticky":false,"template":"","format":"standard","meta":{"footnotes":""},"categories":[1],"tags":[],"class_list":["post-29585","post","type-post","status-publish","format-standard","has-post-thumbnail","hentry","category-cronica"],"_links":{"self":[{"href":"https:\/\/www.radiopresidenteibanez.cl\/web\/wp-json\/wp\/v2\/posts\/29585","targetHints":{"allow":["GET"]}}],"collection":[{"href":"https:\/\/www.radiopresidenteibanez.cl\/web\/wp-json\/wp\/v2\/posts"}],"about":[{"href":"https:\/\/www.radiopresidenteibanez.cl\/web\/wp-json\/wp\/v2\/types\/post"}],"author":[{"embeddable":true,"href":"https:\/\/www.radiopresidenteibanez.cl\/web\/wp-json\/wp\/v2\/users\/2"}],"replies":[{"embeddable":true,"href":"https:\/\/www.radiopresidenteibanez.cl\/web\/wp-json\/wp\/v2\/comments?post=29585"}],"version-history":[{"count":0,"href":"https:\/\/www.radiopresidenteibanez.cl\/web\/wp-json\/wp\/v2\/posts\/29585\/revisions"}],"wp:featuredmedia":[{"embeddable":true,"href":"https:\/\/www.radiopresidenteibanez.cl\/web\/wp-json\/wp\/v2\/media\/29586"}],"wp:attachment":[{"href":"https:\/\/www.radiopresidenteibanez.cl\/web\/wp-json\/wp\/v2\/media?parent=29585"}],"wp:term":[{"taxonomy":"category","embeddable":true,"href":"https:\/\/www.radiopresidenteibanez.cl\/web\/wp-json\/wp\/v2\/categories?post=29585"},{"taxonomy":"post_tag","embeddable":true,"href":"https:\/\/www.radiopresidenteibanez.cl\/web\/wp-json\/wp\/v2\/tags?post=29585"}],"curies":[{"name":"wp","href":"https:\/\/api.w.org\/{rel}","templated":true}]}}