{"id":29579,"date":"2022-05-13T09:50:11","date_gmt":"2022-05-13T12:50:11","guid":{"rendered":"https:\/\/www.radiopresidenteibanez.cl\/web\/?p=29579"},"modified":"2022-05-13T09:50:16","modified_gmt":"2022-05-13T12:50:16","slug":"mop-anuncia-licitacion-publica-de-anhelada-extension-de-avenida-ultima-esperanza","status":"publish","type":"post","link":"https:\/\/www.radiopresidenteibanez.cl\/web\/mop-anuncia-licitacion-publica-de-anhelada-extension-de-avenida-ultima-esperanza\/","title":{"rendered":"MOP ANUNCIA LICITACION PUBLICA DE ANHELADA EXTENSION DE AVENIDA ULTIMA ESPERANZA"},"content":{"rendered":"\n<p>Una serie de esperados anuncios para la comunidad realiz\u00f3 este jueves en\nPuerto Natales, la Seremi de Obras P\u00fablicas Dahi\u00e1n Oyarz\u00fan Rathgeb, quien tras\nsostener un positivo encuentro de trabajo y coordinaci\u00f3n con la Delegada\nPresidencial de la Provincia de \u00daltima Esperanza, Romina \u00c1lvarez, se traslad\u00f3\njunto a la alcaldesa Antonieta Oyarzo, concejales, el jefe de Secplan Christian\nBahamonde y la Jefa de la Unidad de Gesti\u00f3n Ambiental y Territorial del MOP,\nMar\u00eda Jos\u00e9 Salgado, hasta el acceso de la ciudad.<\/p>\n\n\n\n<p>En el lugar, la titular del MOP anunci\u00f3 que durante el segundo semestre\nde 2022 se realizar\u00e1 llamado a Licitaci\u00f3n P\u00fablica para&nbsp; la extensi\u00f3n de la Avenida \u00daltima Esperanza a\nfin de poder concretar este anhelado sue\u00f1o de la comunidad natalina.<\/p>\n\n\n\n<p>\u201cHoy nos trasladamos a la provincia para comunicarles una muy buena\nnoticia a la se\u00f1ora Alcaldesa de Puerto Natales y a los vecinos y vecinas de la\nciudad, y en concordancia a lo expuesto por nuestro Presidente de la Rep\u00fablica\nGabriel Boric, junto a los lineamientos de trabajo de la cartera de Obras\nP\u00fablicas, el segundo semestre de este a\u00f1o se va a publicar la licitaci\u00f3n\np\u00fablica para la construcci\u00f3n de la anhelada extensi\u00f3n del camino de la Avenida\n\u00daltima Esperanza\u201d, destac\u00f3 la Seremi Dahi\u00e1n Oyarz\u00fan Rathgeb.<\/p>\n\n\n\n<p>La obra, que estar\u00e1 a cargo de la Direcci\u00f3n de Vialidad del Ministerio\nde Obras P\u00fablicas, considerar\u00e1 el mejoramiento desde la Ruta 9 hasta el tramo\nde la Av. Ultima Esperanza que se encuentra pavimentada, en una longitud de 1,2\nkm aproximadamente. <\/p>\n\n\n\n<p>La noticia entregada en terreno por la titular del MOP, fue recibida\nentre aplausos por las autoridades comunales, agradeciendo emocionada la\nAlcaldesa Antonieta Oyarzo \u201cla voluntad pol\u00edtica del Gobierno del Presidente\nGabriel Boric, al considerar este proyecto tan emblem\u00e1tico que hab\u00eda sido\nesperado por varios a\u00f1os por nuestra comunidad\u00bb.<\/p>\n\n\n\n<p>La titular del MOP junto a la Alcaldesa, destacaron que la concreci\u00f3n de\nesta emblem\u00e1tica iniciativa, producir\u00e1 un cambio significativo para los vecinos\ny vecinas de la ciudad, dotando de mayor seguridad a los transe\u00fantes y\nconductores, y de un cambio de calidad e imagen urban\u00edstica al sector donde se\nemplazar\u00e1 la extensi\u00f3n de la Avenida.<\/p>\n\n\n\n<p>La Direcci\u00f3n de Vialidad realizar\u00e1&nbsp;\nla publicaci\u00f3n de la licitaci\u00f3n, que considerar\u00e1 una inversi\u00f3n en la\nobra cercana a los 3.400 millones de pesos con fondos del Ministerio de Obras\nP\u00fablicas, realizando la Seremi Oyarz\u00fan un llamado a las empresas&nbsp; contratistas de Primera Categor\u00eda del MOP a\npostular a esta emblem\u00e1tica iniciativa. <\/p>\n","protected":false},"excerpt":{"rendered":"<p>Una serie de esperados anuncios para la comunidad realiz\u00f3 este jueves en Puerto Natales, la Seremi de Obras P\u00fablicas Dahi\u00e1n Oyarz\u00fan Rathgeb, quien tras sostener un positivo encuentro de trabajo&#8230; <a class=\"read-more\" href=\"https:\/\/www.radiopresidenteibanez.cl\/web\/mop-anuncia-licitacion-publica-de-anhelada-extension-de-avenida-ultima-esperanza\/\">Leer m\u00e1s<\/a><\/p>\n","protected":false},"author":2,"featured_media":29580,"comment_status":"closed","ping_status":"closed","sticky":false,"template":"","format":"standard","meta":{"footnotes":""},"categories":[1],"tags":[],"class_list":["post-29579","post","type-post","status-publish","format-standard","has-post-thumbnail","hentry","category-cronica"],"_links":{"self":[{"href":"https:\/\/www.radiopresidenteibanez.cl\/web\/wp-json\/wp\/v2\/posts\/29579","targetHints":{"allow":["GET"]}}],"collection":[{"href":"https:\/\/www.radiopresidenteibanez.cl\/web\/wp-json\/wp\/v2\/posts"}],"about":[{"href":"https:\/\/www.radiopresidenteibanez.cl\/web\/wp-json\/wp\/v2\/types\/post"}],"author":[{"embeddable":true,"href":"https:\/\/www.radiopresidenteibanez.cl\/web\/wp-json\/wp\/v2\/users\/2"}],"replies":[{"embeddable":true,"href":"https:\/\/www.radiopresidenteibanez.cl\/web\/wp-json\/wp\/v2\/comments?post=29579"}],"version-history":[{"count":0,"href":"https:\/\/www.radiopresidenteibanez.cl\/web\/wp-json\/wp\/v2\/posts\/29579\/revisions"}],"wp:featuredmedia":[{"embeddable":true,"href":"https:\/\/www.radiopresidenteibanez.cl\/web\/wp-json\/wp\/v2\/media\/29580"}],"wp:attachment":[{"href":"https:\/\/www.radiopresidenteibanez.cl\/web\/wp-json\/wp\/v2\/media?parent=29579"}],"wp:term":[{"taxonomy":"category","embeddable":true,"href":"https:\/\/www.radiopresidenteibanez.cl\/web\/wp-json\/wp\/v2\/categories?post=29579"},{"taxonomy":"post_tag","embeddable":true,"href":"https:\/\/www.radiopresidenteibanez.cl\/web\/wp-json\/wp\/v2\/tags?post=29579"}],"curies":[{"name":"wp","href":"https:\/\/api.w.org\/{rel}","templated":true}]}}