{"id":2956,"date":"2019-04-03T13:53:01","date_gmt":"2019-04-03T13:53:01","guid":{"rendered":"http:\/\/www.radiopresidenteibanez.cl\/web\/?p=2956"},"modified":"2019-04-03T13:53:34","modified_gmt":"2019-04-03T13:53:34","slug":"magallanes-implementara-plan-elige-vivir-sin-drogas-anunciado-por-el-presidente-sebastian-pinera-en-cadena-nacional","status":"publish","type":"post","link":"https:\/\/www.radiopresidenteibanez.cl\/web\/magallanes-implementara-plan-elige-vivir-sin-drogas-anunciado-por-el-presidente-sebastian-pinera-en-cadena-nacional\/","title":{"rendered":"MAGALLANES IMPLEMENTAR\u00c1 PLAN \u201cELIGE VIVIR SIN DROGAS\u201d ANUNCIADO POR EL PRESIDENTE SEBASTI\u00c1N PI\u00d1ERA EN CADENA NACIONAL"},"content":{"rendered":"\n<p>El Plan Nacional de Gobierno para\nprevenir el consumo de drogas en ni\u00f1os, ni\u00f1as y adolescentes del pa\u00eds, busca\ndar respuesta a la necesidad de proteger a la infancia de esta problem\u00e1tica y\nlos riesgos que conlleva.<\/p>\n\n\n\n<p>El <strong>Plan Elige Vivir sin Drogas<\/strong>, se inspira\nen el exitoso Plan Planet Youth, desarrollado en Islandia, y que ya se ha\nimplementado en m\u00e1s 22 pa\u00edses.&nbsp; Este plan\nrecoge el aporte de las Sociedades M\u00e9dicas y Cient\u00edficas Chilenas e incorpora\nla experiencia de la sociedad civil, de los municipios y tambi\u00e9n del propio\nGobierno. <\/p>\n\n\n\n<p>La Encuesta Nacional en Poblaci\u00f3n Escolar (ENPE)\n2017 elaborada por Senda, muestra informaci\u00f3n alarmante respecto al consumo de\ndrogas entre los adolescentes. <\/p>\n\n\n\n<p>En Magallanes el estudio muestra que el <strong>33,7%<\/strong> <strong>de los j\u00f3venes entre 8\u00b0 y IV\u00b0 medio<\/strong>, <strong>declaran haber consumido marihuana<\/strong> en\nel \u00faltimo a\u00f1o.&nbsp; Si bien hay una\ndisminuci\u00f3n respecto del estudio anterior (37,2% en 2015) siguen siendo cifras\npreocupantes<strong>. \u201cNing\u00fan padre celebra\ncuando a su hijo le baja la fiebre de 41\u00b0 a 40\u00b0\u201d.<\/strong><\/p>\n\n\n\n<p>En cuanto a la <strong>percepci\u00f3n de riesgo<\/strong>, resulta\npreocupante que solo el <strong>19%<\/strong> <strong>de los j\u00f3venes de la Regi\u00f3n de Magallanes\nconsidera que usar marihuana frecuentemente es riesgoso.<\/strong><\/p>\n\n\n\n<p>Finalmente, sobre el <strong>consumo de alcohol<\/strong> el estudio muestra que un <strong>29,4%<\/strong> de los j\u00f3venes declara haber bebido en el \u00faltimo mes y de\nellos, un <strong>54,6% declara haberse\nembriagado<\/strong> (haber bebido 5 o m\u00e1s tragos en una\nsola ocasi\u00f3n).<\/p>\n\n\n\n<p>Ante\nesta situaci\u00f3n, el Gobierno de Chile, con el presidente Sebasti\u00e1n Pi\u00f1era a la\ncabeza, ha instalado el Plan \u201c<strong>Elige\nVivir sin Drogas<\/strong> \u201c, que se enfoca en prevenir el consumo de drogas en\nni\u00f1os, ni\u00f1as y adolescentes, sobre la base de un diagn\u00f3stico preciso de cada\ncomunidad escolar, y posterior a ello el dise\u00f1o de una estrategia especial y a\nla medida de las necesidades y problem\u00e1ticas plateadas por cada una de esas\ncomunidades escolares. <\/p>\n\n\n\n<p>Este\nplan se basa en cuatro pilares:<\/p>\n\n\n\n<p><strong>1.-<\/strong> En las familias, entreg\u00e1ndoles\nherramientas e instrumentos eficaces para cuidar y proteger mejor a la\ninfancia.<\/p>\n\n\n\n<p><strong>2.-<\/strong> En la escuela, a trav\u00e9s de\nprogramas preventivos que involucrar\u00e1n a estudiantes, padres, madres y docentes,\ncuya participaci\u00f3n y compromiso es fundamental.<\/p>\n\n\n\n<p><strong>3.-<\/strong> Mejor oferta p\u00fablica y de la\nsociedad civil para que ni\u00f1os, ni\u00f1as y adolescentes tengan m\u00e1s y mejores\noportunidades deportivas, culturales, recreativas y comunitarias a las cuales\npoder dedicar su tiempo libre, y<\/p>\n\n\n\n<p><strong>4.-<\/strong> Potenciando los liderazgos sanos\ny positivos de familiares, de grupos de pares de la escuela, de amistades o de\nquien pueda cumplir esa labor. <\/p>\n\n\n\n<p>El\nIntendente de Magallanes y Ant\u00e1rtica Chilena, Jos\u00e9 Fern\u00e1ndez D., realiz\u00f3 este\nmediod\u00eda el lanzamiento de este Plan para la regi\u00f3n, se\u00f1alando que en esta\nprimera etapa ser\u00e1n Punta Arenas y Natales las Comunas donde se implementar\u00e1 la\niniciativa.<\/p>\n\n\n\n<p>Indic\u00f3 la primera autoridad\nregional que <strong>\u201c<\/strong><strong>en atenci\u00f3n a las\nfortalezas observadas en el modelo island\u00e9s, el Gobierno de Chile, a trav\u00e9s de\nSENDA, ha tomado la decisi\u00f3n de implementar este modelo en nuestro pa\u00eds y as\u00ed\ntambi\u00e9n en nuestra regi\u00f3n. De esta manera Chile ser\u00e1 pionero en Am\u00e9rica en la\nimplementaci\u00f3n de este modelo de prevenci\u00f3n\u201d.<\/strong><\/p>\n\n\n\n<p>A\u00f1adi\u00f3 el intendente que <strong>\u201ccomo Gobierno nos estamos haciendo cargo\nde impulsar en distintos municipios, programas que les permitan a los ni\u00f1os,\nni\u00f1as y j\u00f3venes acceder a actividades fuera del colegio, para que puedan hacer\nbuen uso del tiempo libre\u201d.<\/strong>&nbsp; <\/p>\n\n\n\n<p>Agreg\u00f3\nJos\u00e9 Fern\u00e1ndez, que para bajar los \u00edndices de consumo y elevar los niveles de\npercepci\u00f3n de riesgo, es la sociedad en su conjunto la que se debe dar a esta\ntarea, <strong>\u201cdebemos comprometernos por la\nsalud y el bienestar de nuestros ni\u00f1os, ni\u00f1as y adolescentes, nuestro\npresidente Sebasti\u00e1n Pi\u00f1era lo dejo muy claro desde su campa\u00f1a y al asumir el\nmando del pa\u00eds, los ni\u00f1os y ni\u00f1as est\u00e1n primero\u201d.<\/strong><\/p>\n\n\n\n<p><strong>\u201c<\/strong><strong>Se requiere,<\/strong> dijo, <strong>un\ntrabajo conjunto del Estado, las familias, escuelas y la sociedad civil, es por\nello que tanto el municipio de Punta Arenas como el de Puerto Natales firman\neste convenio con el Servicio Nacional para la Prevenci\u00f3n del Consumo de Drogas\ny Alcohol, SENDA, del Ministerio del Interior, para desarrollar el Plan \u201cElige\nVivir Sin Drogas\u201d<\/strong><\/p>\n\n\n\n<p>Agreg\u00f3 que el foco del programa est\u00e1 centrado en\nque como sociedad seamos capaces de generar las condiciones para evitar el\nconsumo de drogas: oferta cultural y deportiva, ambiente escolar positivo,\nimportancia del tiempo en familia, etc.<\/p>\n\n\n\n<p>La actividad de presentaci\u00f3n de este Plan en\nMagallanes se inici\u00f3 con la visita de las autoridades al 2do medio A del Liceo\nMar\u00eda Behety de Men\u00e9ndez, don el intendente entreg\u00f3 un saludo y entreg\u00f3 algunos\nalcances de esta iniciativa.<\/p>\n\n\n\n<p>En la Oportunidad fue acompa\u00f1ado por la directora y orientador del establecimiento educacional, la representante de SENDA, Elizabeth Aedo, la secretaria de Gobierno Alejandra Mu\u00f1oz, la seremi de Educaci\u00f3n Beatriz S\u00e1nchez, La coordinadora regional de Seguridad P\u00fablica Jennifer Rojas, el Secretario General de la Corporaci\u00f3n Municipal de Punta Arenas, Segundo \u00c1lvarez, y la jefa del \u00e1rea de educaci\u00f3n, de la misma entidad.<\/p>\n\n\n\n<figure class=\"wp-block-image\"><img loading=\"lazy\" decoding=\"async\" width=\"900\" height=\"600\" src=\"https:\/\/www.radiopresidenteibanez.cl\/web\/wp-content\/uploads\/2019\/04\/IMG_2888.jpg\" alt=\"\" class=\"wp-image-2957\" srcset=\"https:\/\/www.radiopresidenteibanez.cl\/web\/wp-content\/uploads\/2019\/04\/IMG_2888.jpg 900w, https:\/\/www.radiopresidenteibanez.cl\/web\/wp-content\/uploads\/2019\/04\/IMG_2888-300x200.jpg 300w, https:\/\/www.radiopresidenteibanez.cl\/web\/wp-content\/uploads\/2019\/04\/IMG_2888-768x512.jpg 768w\" sizes=\"auto, (max-width: 900px) 100vw, 900px\" \/><\/figure>\n","protected":false},"excerpt":{"rendered":"<p>El Plan Nacional de Gobierno para prevenir el consumo de drogas en ni\u00f1os, ni\u00f1as y adolescentes del pa\u00eds, busca dar respuesta a la necesidad de proteger a la infancia de&#8230; <a class=\"read-more\" href=\"https:\/\/www.radiopresidenteibanez.cl\/web\/magallanes-implementara-plan-elige-vivir-sin-drogas-anunciado-por-el-presidente-sebastian-pinera-en-cadena-nacional\/\">Leer m\u00e1s<\/a><\/p>\n","protected":false},"author":2,"featured_media":2957,"comment_status":"closed","ping_status":"closed","sticky":false,"template":"","format":"standard","meta":{"footnotes":""},"categories":[1],"tags":[],"class_list":["post-2956","post","type-post","status-publish","format-standard","has-post-thumbnail","hentry","category-cronica"],"_links":{"self":[{"href":"https:\/\/www.radiopresidenteibanez.cl\/web\/wp-json\/wp\/v2\/posts\/2956","targetHints":{"allow":["GET"]}}],"collection":[{"href":"https:\/\/www.radiopresidenteibanez.cl\/web\/wp-json\/wp\/v2\/posts"}],"about":[{"href":"https:\/\/www.radiopresidenteibanez.cl\/web\/wp-json\/wp\/v2\/types\/post"}],"author":[{"embeddable":true,"href":"https:\/\/www.radiopresidenteibanez.cl\/web\/wp-json\/wp\/v2\/users\/2"}],"replies":[{"embeddable":true,"href":"https:\/\/www.radiopresidenteibanez.cl\/web\/wp-json\/wp\/v2\/comments?post=2956"}],"version-history":[{"count":0,"href":"https:\/\/www.radiopresidenteibanez.cl\/web\/wp-json\/wp\/v2\/posts\/2956\/revisions"}],"wp:featuredmedia":[{"embeddable":true,"href":"https:\/\/www.radiopresidenteibanez.cl\/web\/wp-json\/wp\/v2\/media\/2957"}],"wp:attachment":[{"href":"https:\/\/www.radiopresidenteibanez.cl\/web\/wp-json\/wp\/v2\/media?parent=2956"}],"wp:term":[{"taxonomy":"category","embeddable":true,"href":"https:\/\/www.radiopresidenteibanez.cl\/web\/wp-json\/wp\/v2\/categories?post=2956"},{"taxonomy":"post_tag","embeddable":true,"href":"https:\/\/www.radiopresidenteibanez.cl\/web\/wp-json\/wp\/v2\/tags?post=2956"}],"curies":[{"name":"wp","href":"https:\/\/api.w.org\/{rel}","templated":true}]}}