{"id":29542,"date":"2022-05-11T19:49:00","date_gmt":"2022-05-11T22:49:00","guid":{"rendered":"https:\/\/www.radiopresidenteibanez.cl\/web\/?p=29542"},"modified":"2022-05-11T16:19:28","modified_gmt":"2022-05-11T19:19:28","slug":"gobierno-regional-y-aguas-magallanes-acuerdan-trabajo-en-conjunto-para-temas-de-agua-potable-y-alcantarillado","status":"publish","type":"post","link":"https:\/\/www.radiopresidenteibanez.cl\/web\/gobierno-regional-y-aguas-magallanes-acuerdan-trabajo-en-conjunto-para-temas-de-agua-potable-y-alcantarillado\/","title":{"rendered":"GOBIERNO REGIONAL y AGUAS MAGALLANES ACUERDAN TRABAJO EN CONJUNTO PARA TEMAS DE AGUA POTABLE y ALCANTARILLADO"},"content":{"rendered":"\n<p>Uno de los principales objetivos del Gobierno Regional es\nentregarle prioridad a los trabajos de agua potable y alcantarillado en todos\nlos sectores de la regi\u00f3n. Es por eso que el Gobernador Flies se reuni\u00f3 con el\nGerente de Agua Magallanes, Salvador Villarino, para analizar la labor en\nconjunto. <\/p>\n\n\n\n<p>\u201cTenemos conversaciones para firmar un convenio que es\n\u00fanico en el pa\u00eds en que podemos trabajar directamente con la empresa\nconcesionaria para avanzar de manera m\u00e1s r\u00e1pida con el dise\u00f1o y ejecuci\u00f3n de\nlos proyectos desde Puerto Ed\u00e9n hasta, esperamos, la Ant\u00e1rtica\u201d<\/p>\n\n\n\n<p>En la misma l\u00ednea, Villarino, declar\u00f3 que \u201cestamos\ntrabajando para desarrollar un convenio en el que Aguas Magallanes sea la\nunidad t\u00e9cnica del Gobierno Regional para proyectos de agua potable y\nalcantarillado en zonas urbanas y rurales\u201d.<\/p>\n\n\n\n<p>Adem\u00e1s, este acuerdo, incluir\u00e1 los sectores periurbanos en\nlos cuales se facilitar\u00eda los avancesy proyectos para estas zonas de la regi\u00f3n.\n<\/p>\n","protected":false},"excerpt":{"rendered":"<p>Uno de los principales objetivos del Gobierno Regional es entregarle prioridad a los trabajos de agua potable y alcantarillado en todos los sectores de la regi\u00f3n. Es por eso que&#8230; <a class=\"read-more\" href=\"https:\/\/www.radiopresidenteibanez.cl\/web\/gobierno-regional-y-aguas-magallanes-acuerdan-trabajo-en-conjunto-para-temas-de-agua-potable-y-alcantarillado\/\">Leer m\u00e1s<\/a><\/p>\n","protected":false},"author":2,"featured_media":29543,"comment_status":"closed","ping_status":"closed","sticky":false,"template":"","format":"standard","meta":{"footnotes":""},"categories":[1],"tags":[],"class_list":["post-29542","post","type-post","status-publish","format-standard","has-post-thumbnail","hentry","category-cronica"],"_links":{"self":[{"href":"https:\/\/www.radiopresidenteibanez.cl\/web\/wp-json\/wp\/v2\/posts\/29542","targetHints":{"allow":["GET"]}}],"collection":[{"href":"https:\/\/www.radiopresidenteibanez.cl\/web\/wp-json\/wp\/v2\/posts"}],"about":[{"href":"https:\/\/www.radiopresidenteibanez.cl\/web\/wp-json\/wp\/v2\/types\/post"}],"author":[{"embeddable":true,"href":"https:\/\/www.radiopresidenteibanez.cl\/web\/wp-json\/wp\/v2\/users\/2"}],"replies":[{"embeddable":true,"href":"https:\/\/www.radiopresidenteibanez.cl\/web\/wp-json\/wp\/v2\/comments?post=29542"}],"version-history":[{"count":0,"href":"https:\/\/www.radiopresidenteibanez.cl\/web\/wp-json\/wp\/v2\/posts\/29542\/revisions"}],"wp:featuredmedia":[{"embeddable":true,"href":"https:\/\/www.radiopresidenteibanez.cl\/web\/wp-json\/wp\/v2\/media\/29543"}],"wp:attachment":[{"href":"https:\/\/www.radiopresidenteibanez.cl\/web\/wp-json\/wp\/v2\/media?parent=29542"}],"wp:term":[{"taxonomy":"category","embeddable":true,"href":"https:\/\/www.radiopresidenteibanez.cl\/web\/wp-json\/wp\/v2\/categories?post=29542"},{"taxonomy":"post_tag","embeddable":true,"href":"https:\/\/www.radiopresidenteibanez.cl\/web\/wp-json\/wp\/v2\/tags?post=29542"}],"curies":[{"name":"wp","href":"https:\/\/api.w.org\/{rel}","templated":true}]}}