{"id":29529,"date":"2022-05-11T13:47:00","date_gmt":"2022-05-11T16:47:00","guid":{"rendered":"https:\/\/www.radiopresidenteibanez.cl\/web\/?p=29529"},"modified":"2022-05-11T12:38:23","modified_gmt":"2022-05-11T15:38:23","slug":"estudiantes-del-liceo-sara-braun-realizaron-jornada-de-salud-preventiva-en-ferry-pathagon","status":"publish","type":"post","link":"https:\/\/www.radiopresidenteibanez.cl\/web\/estudiantes-del-liceo-sara-braun-realizaron-jornada-de-salud-preventiva-en-ferry-pathagon\/","title":{"rendered":"ESTUDIANTES DEL LICEO SARA BRAUN REALIZARON JORNADA DE SALUD PREVENTIVA EN FERRY PATHAGON"},"content":{"rendered":"\n<p>Un grupo de estudiantes de la especialidad de enfermer\u00eda del liceo Sara Braun de Punta Arenas, realiz\u00f3 este lunes una jornada de salud preventiva con los pasajeros que se encontraban a bordo del ferry Pathagon de TABSA.<\/p>\n\n\n\n<p>Durante la actividad, que se repetir\u00e1 todos los meses, las estudiantes, acompa\u00f1adas por su profesora jefe Yanhira Acosta, realizaron toma de par\u00e1metros b\u00e1sicos de salud (temperatura, presi\u00f3n y glicemia) de manera gratuita y voluntaria a los pasajeros, tanto en el tramo de ida como de regreso en la ruta Punta Arenas-Porvenir iniciativa que fue positivamente valorada por los viajeros.<\/p>\n\n\n\n<p>Al respecto, el Gerente General de TABSA, Cristobal Kulczewski, agradeci\u00f3 la actividad desarrollada por las estudiantes y docente, destacando adem\u00e1s la permanente b\u00fasqueda que realiza la empresa mar\u00edtima por entregar un buen servicio a sus pasajeros.<\/p>\n","protected":false},"excerpt":{"rendered":"<p>Un grupo de estudiantes de la especialidad de enfermer\u00eda del liceo Sara Braun de Punta Arenas, realiz\u00f3 este lunes una jornada de salud preventiva con los pasajeros que se encontraban&#8230; <a class=\"read-more\" href=\"https:\/\/www.radiopresidenteibanez.cl\/web\/estudiantes-del-liceo-sara-braun-realizaron-jornada-de-salud-preventiva-en-ferry-pathagon\/\">Leer m\u00e1s<\/a><\/p>\n","protected":false},"author":2,"featured_media":29530,"comment_status":"closed","ping_status":"closed","sticky":false,"template":"","format":"standard","meta":{"footnotes":""},"categories":[1],"tags":[],"class_list":["post-29529","post","type-post","status-publish","format-standard","has-post-thumbnail","hentry","category-cronica"],"_links":{"self":[{"href":"https:\/\/www.radiopresidenteibanez.cl\/web\/wp-json\/wp\/v2\/posts\/29529","targetHints":{"allow":["GET"]}}],"collection":[{"href":"https:\/\/www.radiopresidenteibanez.cl\/web\/wp-json\/wp\/v2\/posts"}],"about":[{"href":"https:\/\/www.radiopresidenteibanez.cl\/web\/wp-json\/wp\/v2\/types\/post"}],"author":[{"embeddable":true,"href":"https:\/\/www.radiopresidenteibanez.cl\/web\/wp-json\/wp\/v2\/users\/2"}],"replies":[{"embeddable":true,"href":"https:\/\/www.radiopresidenteibanez.cl\/web\/wp-json\/wp\/v2\/comments?post=29529"}],"version-history":[{"count":0,"href":"https:\/\/www.radiopresidenteibanez.cl\/web\/wp-json\/wp\/v2\/posts\/29529\/revisions"}],"wp:featuredmedia":[{"embeddable":true,"href":"https:\/\/www.radiopresidenteibanez.cl\/web\/wp-json\/wp\/v2\/media\/29530"}],"wp:attachment":[{"href":"https:\/\/www.radiopresidenteibanez.cl\/web\/wp-json\/wp\/v2\/media?parent=29529"}],"wp:term":[{"taxonomy":"category","embeddable":true,"href":"https:\/\/www.radiopresidenteibanez.cl\/web\/wp-json\/wp\/v2\/categories?post=29529"},{"taxonomy":"post_tag","embeddable":true,"href":"https:\/\/www.radiopresidenteibanez.cl\/web\/wp-json\/wp\/v2\/tags?post=29529"}],"curies":[{"name":"wp","href":"https:\/\/api.w.org\/{rel}","templated":true}]}}