{"id":29505,"date":"2022-05-10T17:23:00","date_gmt":"2022-05-10T20:23:00","guid":{"rendered":"https:\/\/www.radiopresidenteibanez.cl\/web\/?p=29505"},"modified":"2022-05-10T15:56:36","modified_gmt":"2022-05-10T18:56:36","slug":"tras-intensas-lluvias-en-provincia-de-ultima-esperanza-mop-inspecciona-en-terreno-crecida-del-rio-primero-y-recorre-junto-a-residentes-seno-obstruccion","status":"publish","type":"post","link":"https:\/\/www.radiopresidenteibanez.cl\/web\/tras-intensas-lluvias-en-provincia-de-ultima-esperanza-mop-inspecciona-en-terreno-crecida-del-rio-primero-y-recorre-junto-a-residentes-seno-obstruccion\/","title":{"rendered":"TRAS INTENSAS LLUVIAS EN PROVINCIA DE ULTIMA ESPERANZA, MOP INSPECCIONA EN TERRENO CRECIDA DEL RIO PRIMERO y RECORRE JUNTO A RESIDENTES SENO OBSTRUCCION"},"content":{"rendered":"\n<p>Hasta la Provincia de \u00daltima Esperanza se traslad\u00f3 este\nlunes la Seremi de Obras P\u00fablicas, Dahi\u00e1n Oyarz\u00fan Rathgeb, para constatar en\nterreno los efectos de las intensas lluvias acaecidas en las \u00faltimas horas, que\nprodujeron la crecida del R\u00edo Primero en el sector de Seno Obstrucci\u00f3n.<\/p>\n\n\n\n<p>La titular del\nMOP arrib\u00f3 hasta la localidad, acompa\u00f1ado del Director Regional de Obras\nHidr\u00e1ulicas Jorge Martinic, el Director Regional de Aguas (s) Baudilio Madrid y\nel Jefe Provincial de Vialidad de \u00daltima Esperanza Mauricio Bustos.<\/p>\n\n\n\n<p>\u201cComo Gobierno\nnos encontramos en terreno junto al equipo regional del Ministerio de Obras\nP\u00fablicas, para realizar un recorrido del R\u00edo Primero y el sector de Seno\nObstrucci\u00f3n, dada las intensas lluvias producidas en la zona, raz\u00f3n por la que\nestamos verificando que la conectividad no se haya interrumpido y verificando\nla seguridad de los vecinos y vecinas residentes\u201d, destac\u00f3 la Seremi Oyarz\u00fan.<\/p>\n\n\n\n<p>La Seremi y el\nequipo regional del MOP que se constituy\u00f3 en terreno, realizaron un recorrido\njunto a los residentes y Francisco Navarro, uno de los vecinos m\u00e1s antiguos del\nsector, oportunidad en la que conocieron sus necesidades e inquietudes, y\nrecorrieron la zona verificando el efecto de las lluvias en la crecida del r\u00edo,\ny que la conectividad no ha sido interrumpida.<\/p>\n\n\n\n<p>Posteriormente,\nse trasladaron hasta el sector donde la Direcci\u00f3n General de Aguas mantiene\noperativa la estaci\u00f3n fluviom\u00e9trica \u201cR\u00edo Primero en Seno Obstrucci\u00f3n\u201d, la cual\nentrega diferentes par\u00e1metros fundamentales para conocer entre otros el nivel y\ncaudal del r\u00edo.<\/p>\n\n\n\n<p>Ayer lunes, el\ncaudal m\u00e1ximo, y por ende el mayor nivel de aguas del r\u00edo, marc\u00f3 su peak\nalrededor de las 17.00 horas. Desde esa hora los registros tienden a la baja y\nla T\u00b0 del agua se mantiene constate con un leve aumento sin superar los 5,5\u00b0. <\/p>\n\n\n\n<p>En tanto, las\nprecipitaciones registran una considerable baja en su intensidad en las \u00faltimas\nhoras. <\/p>\n\n\n\n<p>Finalmente, el\nequipo regional MOP junto a los vecinos, inspeccionaron el correcto\nfuncionamiento de los gaviones instalados en el sector por la Direcci\u00f3n de\nObras Hidr\u00e1ulicas, para proteger la seguridad de los vecinos y vecinas.<\/p>\n","protected":false},"excerpt":{"rendered":"<p>Hasta la Provincia de \u00daltima Esperanza se traslad\u00f3 este lunes la Seremi de Obras P\u00fablicas, Dahi\u00e1n Oyarz\u00fan Rathgeb, para constatar en terreno los efectos de las intensas lluvias acaecidas en&#8230; <a class=\"read-more\" href=\"https:\/\/www.radiopresidenteibanez.cl\/web\/tras-intensas-lluvias-en-provincia-de-ultima-esperanza-mop-inspecciona-en-terreno-crecida-del-rio-primero-y-recorre-junto-a-residentes-seno-obstruccion\/\">Leer m\u00e1s<\/a><\/p>\n","protected":false},"author":2,"featured_media":29506,"comment_status":"closed","ping_status":"closed","sticky":false,"template":"","format":"standard","meta":{"footnotes":""},"categories":[1],"tags":[],"class_list":["post-29505","post","type-post","status-publish","format-standard","has-post-thumbnail","hentry","category-cronica"],"_links":{"self":[{"href":"https:\/\/www.radiopresidenteibanez.cl\/web\/wp-json\/wp\/v2\/posts\/29505","targetHints":{"allow":["GET"]}}],"collection":[{"href":"https:\/\/www.radiopresidenteibanez.cl\/web\/wp-json\/wp\/v2\/posts"}],"about":[{"href":"https:\/\/www.radiopresidenteibanez.cl\/web\/wp-json\/wp\/v2\/types\/post"}],"author":[{"embeddable":true,"href":"https:\/\/www.radiopresidenteibanez.cl\/web\/wp-json\/wp\/v2\/users\/2"}],"replies":[{"embeddable":true,"href":"https:\/\/www.radiopresidenteibanez.cl\/web\/wp-json\/wp\/v2\/comments?post=29505"}],"version-history":[{"count":0,"href":"https:\/\/www.radiopresidenteibanez.cl\/web\/wp-json\/wp\/v2\/posts\/29505\/revisions"}],"wp:featuredmedia":[{"embeddable":true,"href":"https:\/\/www.radiopresidenteibanez.cl\/web\/wp-json\/wp\/v2\/media\/29506"}],"wp:attachment":[{"href":"https:\/\/www.radiopresidenteibanez.cl\/web\/wp-json\/wp\/v2\/media?parent=29505"}],"wp:term":[{"taxonomy":"category","embeddable":true,"href":"https:\/\/www.radiopresidenteibanez.cl\/web\/wp-json\/wp\/v2\/categories?post=29505"},{"taxonomy":"post_tag","embeddable":true,"href":"https:\/\/www.radiopresidenteibanez.cl\/web\/wp-json\/wp\/v2\/tags?post=29505"}],"curies":[{"name":"wp","href":"https:\/\/api.w.org\/{rel}","templated":true}]}}