{"id":29481,"date":"2022-05-10T09:03:00","date_gmt":"2022-05-10T12:03:00","guid":{"rendered":"https:\/\/www.radiopresidenteibanez.cl\/web\/?p=29481"},"modified":"2022-05-10T08:30:48","modified_gmt":"2022-05-10T11:30:48","slug":"delegada-presidencial-encabezo-mesa-de-trabajo-junto-con-gremios-de-turismo-de-magallanes","status":"publish","type":"post","link":"https:\/\/www.radiopresidenteibanez.cl\/web\/delegada-presidencial-encabezo-mesa-de-trabajo-junto-con-gremios-de-turismo-de-magallanes\/","title":{"rendered":"DELEGADA PRESIDENCIAL ENCABEZO MESA DE TRABAJO JUNTO CON GREMIOS DE TURISMO DE MAGALLANES"},"content":{"rendered":"\n<p>Durante la\nma\u00f1ana de hoy lunes, la <strong>Delegada\nPresidencial Regional, Luz Berm\u00fadez Sandoval<\/strong>, recibi\u00f3 a operadores\ntur\u00edsticos de Magallanes, sosteniendo una reuni\u00f3n de trabajo en la cual\nparticiparon los gremios de Puerto Natales, Punta Arenas, Tierra del Fuego,\ngu\u00edas, empresas, y hostales y donde, adem\u00e1s, se manifestaron algunas\ninquietudes del rubro.<\/p>\n\n\n\n<p>La Delegada\nPresidencial Regional, explic\u00f3 que <em>\u201cesta fue una instancia solicitada por el\nsector turismo, en la cual ellos manifestaron inquietudes al corto plazo y\nnosotros como Gobierno hemos asumido responsabilidades al respecto. Entendemos\nque necesitamos la reactivaci\u00f3n inmediatamente, lo m\u00e1s pronto posible. Para eso\nhemos tomado una serie de medidas, pero tambi\u00e9n tenemos que hacernos cargo de\nla realidad que ha estado viviendo el sector Turismo con la pandemia y estamos\ntomando acciones en relaci\u00f3n a eso\u201d, <\/em>dijo Luz Berm\u00fadez<em>.<\/em><\/p>\n\n\n\n<p>La Presidenta de la Sociedad gremial AustroChile,&nbsp; <strong>Paola\nMilosevic Milic<\/strong>, explic\u00f3 que se trataron tres puntos de importancia: <em>\u201cUno\nde los temas m\u00e1s relevantes es que necesitamos certidumbres para poder reactivar\nel empleo, para poder reactivar el sector turismo, por ejemplo, el tema de la\nhomologaci\u00f3n de la vacuna, que necesitamos que sea un tema que se agilice,\nojal\u00e1 se elimine. Un segundo tema, es la apertura de todos los pasos\nfronterizos. Tercero, algunas coordinaciones p\u00fablico-privadas\u201d<\/em>, a\u00f1adi\u00f3 la\nempresaria.<\/p>\n\n\n\n<p>Asimismo, <strong>\u00c1lvaro Gallardo Cubillo<\/strong>, Presidente del\ndirectorio de la C\u00e1mara de Turismo de \u00daltima Esperanza, reforz\u00f3 la idea,\nindicando: <em>\u201cNosotros ahora estamos terminando una temporada, se nos viene la\npr\u00f3xima, que tenemos mucha esperanza que sea una buena temporada, por lo tanto\nqueremos tener claridad respecto a c\u00f3mo van a funcionar las fronteras, como van\na funcionar los ingresos, las homologaciones de los turistas que vengan, que\nesperamos sea en masa, turistas extranjeros y poder volver a la normalidad, que\nes lo que estamos todos buscando<\/em>\u201d, acot\u00f3 Gallardo<\/p>\n\n\n\n<p>Atendiendo a\nlas inquietudes expresadas, la Delegada Presidencial, continu\u00f3 diciendo que <em>\u201cexisten\nacciones que est\u00e1n muy a corto plazo, como por ejemplo la inquietud que ellos\nhan manifestado en relaci\u00f3n al paso fronterizo R\u00edo Don Guillermo y la Delegada\nProvincial de \u00daltima Esperanza est\u00e1 trabajando para su pr\u00f3xima apertura,\nentendiendo que hay aspectos log\u00edsticos asociados al sector salud que se suman\na los pasos fronterizos, pero se est\u00e1 trabajando en eso, para que sea lo m\u00e1s\npronto posible\u201d, <\/em>acot\u00f3 Berm\u00fadez.<\/p>\n\n\n\n<p>El contacto\npermanente tambi\u00e9n fue manifestado durante la reuni\u00f3n, \u201cqueremos, ojal\u00e1, tener\nvarias reuniones hacia adelante, peri\u00f3dicas, digamos, con el af\u00e1n de\ntransmitirle nuestras inquietudes, nuestros problemas, c\u00f3mo nos ha golpeado la\npandemia en estos a\u00f1os y tambi\u00e9n pidi\u00e9ndole un poco de claridad y certeza para\nlo que viene\u201d, manifest\u00f3 \u00c1lvaro Gallardo.<\/p>\n\n\n\n<p>De acuerdo\ncon lo planteado, la Delegada Berm\u00fadez, destac\u00f3 la importancia de la\ncontinuidad en el trabajo conjunto, manifestando que <em>\u201cla idea es seguir haciendo\nun trabajo continuo con distintos actores, no solamente la Delegaci\u00f3n\nPresidencial, o la Seremi que ha tenido ya reuniones con ellos, sino tambi\u00e9n\ncon algunos servicios, con el Gobierno regional, de manera de ir articulando y\npoder hacer seguimiento de las demandas y de los posibles problemas que vuelvan\na surgir\u201d.<\/em><\/p>\n\n\n\n<p>Los\nasistentes a la reuni\u00f3n agradecieron la facilidad y la claridad de la m\u00e1xima\nautoridad presidencial regional, que contribuye a restaurar la confianza del\nsector y tambi\u00e9n de las personas interesadas en Magallanes como destino. Al\nrespecto la Presidenta de la Sociedad gremial AustroChile,&nbsp; <strong>Paola\nMilosevic Milic<\/strong>, manifest\u00f3 que <em>\u201cla reuni\u00f3n estuvo muy interesante\ntuvimos una muy buena acogida por parte de la Delegada Presidencial, tuvimos\nalgunas respuestas concretas, por ejemplo, con la agilizaci\u00f3n de tiempos de\napertura de fronteras, as\u00ed es que la verdad nos vamos bien conformes, bien\ncontentos por esta instancia de di\u00e1logo que se va a repetir prontamente<\/em>\u201d.<\/p>\n\n\n\n<p>En cuanto a\nla homologaci\u00f3n del certificado de vacunas, inquietud que tambi\u00e9n fue manifestada\nen la instancia, la Delegada indic\u00f3 que esa materia ya se est\u00e1 viendo a nivel\nnacional: <em>\u201cEl mismo Ministro de Econom\u00eda se llev\u00f3 esa tarea para poder\navanzar y es en la direcci\u00f3n en la cual como gobierno estamos entendiendo que\ndebemos enfrentar esta etapa de reactivaci\u00f3n econ\u00f3mica, facilitando y generando\ntodas las condiciones para que el sector turismo pueda tener certezas y as\u00ed\nconvocar en la pr\u00f3xima temporada con la tranquilidad que requiere este sector\u201d,<\/em>\nfinaliz\u00f3 Luz Berm\u00fadez.<\/p>\n","protected":false},"excerpt":{"rendered":"<p>Durante la ma\u00f1ana de hoy lunes, la Delegada Presidencial Regional, Luz Berm\u00fadez Sandoval, recibi\u00f3 a operadores tur\u00edsticos de Magallanes, sosteniendo una reuni\u00f3n de trabajo en la cual participaron los gremios&#8230; <a class=\"read-more\" href=\"https:\/\/www.radiopresidenteibanez.cl\/web\/delegada-presidencial-encabezo-mesa-de-trabajo-junto-con-gremios-de-turismo-de-magallanes\/\">Leer m\u00e1s<\/a><\/p>\n","protected":false},"author":2,"featured_media":29482,"comment_status":"closed","ping_status":"closed","sticky":false,"template":"","format":"standard","meta":{"footnotes":""},"categories":[1],"tags":[],"class_list":["post-29481","post","type-post","status-publish","format-standard","has-post-thumbnail","hentry","category-cronica"],"_links":{"self":[{"href":"https:\/\/www.radiopresidenteibanez.cl\/web\/wp-json\/wp\/v2\/posts\/29481","targetHints":{"allow":["GET"]}}],"collection":[{"href":"https:\/\/www.radiopresidenteibanez.cl\/web\/wp-json\/wp\/v2\/posts"}],"about":[{"href":"https:\/\/www.radiopresidenteibanez.cl\/web\/wp-json\/wp\/v2\/types\/post"}],"author":[{"embeddable":true,"href":"https:\/\/www.radiopresidenteibanez.cl\/web\/wp-json\/wp\/v2\/users\/2"}],"replies":[{"embeddable":true,"href":"https:\/\/www.radiopresidenteibanez.cl\/web\/wp-json\/wp\/v2\/comments?post=29481"}],"version-history":[{"count":0,"href":"https:\/\/www.radiopresidenteibanez.cl\/web\/wp-json\/wp\/v2\/posts\/29481\/revisions"}],"wp:featuredmedia":[{"embeddable":true,"href":"https:\/\/www.radiopresidenteibanez.cl\/web\/wp-json\/wp\/v2\/media\/29482"}],"wp:attachment":[{"href":"https:\/\/www.radiopresidenteibanez.cl\/web\/wp-json\/wp\/v2\/media?parent=29481"}],"wp:term":[{"taxonomy":"category","embeddable":true,"href":"https:\/\/www.radiopresidenteibanez.cl\/web\/wp-json\/wp\/v2\/categories?post=29481"},{"taxonomy":"post_tag","embeddable":true,"href":"https:\/\/www.radiopresidenteibanez.cl\/web\/wp-json\/wp\/v2\/tags?post=29481"}],"curies":[{"name":"wp","href":"https:\/\/api.w.org\/{rel}","templated":true}]}}