{"id":2947,"date":"2019-04-02T16:23:32","date_gmt":"2019-04-02T16:23:32","guid":{"rendered":"http:\/\/www.radiopresidenteibanez.cl\/web\/?p=2947"},"modified":"2019-04-02T16:24:16","modified_gmt":"2019-04-02T16:24:16","slug":"gobernador-villegas-anuncia-nuevo-horario-del-paso-de-integracion-austral","status":"publish","type":"post","link":"https:\/\/www.radiopresidenteibanez.cl\/web\/gobernador-villegas-anuncia-nuevo-horario-del-paso-de-integracion-austral\/","title":{"rendered":"GOBERNADOR VILLEGAS ANUNCIA NUEVO HORARIO DEL PASO DE INTEGRACI\u00d3N AUSTRAL"},"content":{"rendered":"\n<p>El gobernador de Magallanes, Homero Villegas, junto\na todos los servicios que operan en el paso de Integraci\u00f3n Austral, informaron\na la comunidad el nuevo horario invernal, para dicho control fronterizo, que\nrige desde hoy lunes 01 de abril.<\/p>\n\n\n\n<p>El Gobernador Villegas precis\u00f3 que, \u201cdesde el d\u00eda 01\nde abril y hasta el 31 de octubre, el horario va a ser desde las 08:00 de la\nma\u00f1ana a 22:00 horas, el resto del a\u00f1o siempre es las 24 horas del d\u00eda\u201d.<\/p>\n\n\n\n<p>Parte de las recomendaciones realizadas por la\nautoridad provincial, est\u00e1 \u201ctener prudencia con la seguridad vial, la velocidad\nm\u00e1xima es de 100 km\/hr; es importante que los hermanos argentinos tengan claro\neso, por lo peligrosas que se vuelven las carreteras en el invierno, tambi\u00e9n al\nsalir del pa\u00eds, si llevan ni\u00f1os, deben llevar la autorizaci\u00f3n notarial de sus\npadres y aunque sean lactantes, deben llevar su c\u00e9dula de identidad, todos\ndeben llevarla. Hay que tomar todas las providencias para no tener problemas en\nla frontera\u201d, enfatiz\u00f3 Villegas.<\/p>\n\n\n\n<p>Algunas de las\nrestricciones para quienes entran al pa\u00eds, est\u00e1 la prohibici\u00f3n de ingresar\nproductos agr\u00edcolas o de origen animal, fiscalizaci\u00f3n que est\u00e1 a cargo del\nServicio Agr\u00edcola y Ganadero (SAG), cuyo director Gerardo Otzen quiso destacar\nla rigurosidad de los pasajeros con esta norma, ya que \u201cde las 170.000 personas que ingresaron al paso\nfronterizo, solamente 11 personas fueron sorprendidas ocultando alg\u00fan material\nque no deb\u00edan ingresar al pa\u00eds, el resto de las personas, gracias a nuestra\ndivulgaci\u00f3n y funcionarios, ya al ingresar al pa\u00eds uno les dice las cosas que\nno pueden ingresar y ellos mismos dejan ah\u00ed los productos que llevan y se\ndecomisan, entonces el \u2018Yo declaro\u2019 ha sido fundamental, la gente entiende los\nproductos que no pueden ingresar al pa\u00eds, as\u00ed que estamos felices por eso\u201d.<\/p>\n\n\n\n<p>Una de las\ninquietudes planteada por las autoridades, est\u00e1 la baja de turistas argentinos\nque se ha observado en el \u00faltimo periodo, tal como lo manifest\u00f3 el&nbsp; Subprefecto\nDanilo Armijo, jefe del departamento de Migraciones y Polic\u00eda Internacional de\nla PDI, quien se\u00f1al\u00f3 <strong>\u201c<\/strong>que en el\nmes de marzo, \u00faltimo mes de atenci\u00f3n 24 horas, con un poco m\u00e1s de 55.000\npersonas controladas y respecto al mismo periodo del a\u00f1o anterior, signific\u00f3\nuna baja de 18.000 turistas aproximadamente; pese a esta baja PDI mantiene los\ncontroles, para que el pasajero no sufra de demoras en el control migratorio\u201d.<\/p>\n\n\n\n<p>Rodolfo Valenzuela, Director Regional de Aduana, aprovech\u00f3 la oportunidad de informar de que el paso San Sebasti\u00e1n, igualmente adoptar\u00eda el horario invernal y que \u201cse cierra Bellavista que es el punto m\u00e1s extremo en Porvenir, porque no hay mucho movimiento en \u00e9poca de invierno, por las condiciones clim\u00e1ticas\u201d.<\/p>\n\n\n\n<figure class=\"wp-block-image\"><img loading=\"lazy\" decoding=\"async\" width=\"640\" height=\"450\" src=\"https:\/\/www.radiopresidenteibanez.cl\/web\/wp-content\/uploads\/2019\/04\/Monte-Aymond.jpg\" alt=\"\" class=\"wp-image-2948\" srcset=\"https:\/\/www.radiopresidenteibanez.cl\/web\/wp-content\/uploads\/2019\/04\/Monte-Aymond.jpg 640w, https:\/\/www.radiopresidenteibanez.cl\/web\/wp-content\/uploads\/2019\/04\/Monte-Aymond-300x211.jpg 300w\" sizes=\"auto, (max-width: 640px) 100vw, 640px\" \/><\/figure>\n","protected":false},"excerpt":{"rendered":"<p>El gobernador de Magallanes, Homero Villegas, junto a todos los servicios que operan en el paso de Integraci\u00f3n Austral, informaron a la comunidad el nuevo horario invernal, para dicho control&#8230; <a class=\"read-more\" href=\"https:\/\/www.radiopresidenteibanez.cl\/web\/gobernador-villegas-anuncia-nuevo-horario-del-paso-de-integracion-austral\/\">Leer m\u00e1s<\/a><\/p>\n","protected":false},"author":2,"featured_media":2948,"comment_status":"closed","ping_status":"closed","sticky":false,"template":"","format":"standard","meta":{"footnotes":""},"categories":[1],"tags":[],"class_list":["post-2947","post","type-post","status-publish","format-standard","has-post-thumbnail","hentry","category-cronica"],"_links":{"self":[{"href":"https:\/\/www.radiopresidenteibanez.cl\/web\/wp-json\/wp\/v2\/posts\/2947","targetHints":{"allow":["GET"]}}],"collection":[{"href":"https:\/\/www.radiopresidenteibanez.cl\/web\/wp-json\/wp\/v2\/posts"}],"about":[{"href":"https:\/\/www.radiopresidenteibanez.cl\/web\/wp-json\/wp\/v2\/types\/post"}],"author":[{"embeddable":true,"href":"https:\/\/www.radiopresidenteibanez.cl\/web\/wp-json\/wp\/v2\/users\/2"}],"replies":[{"embeddable":true,"href":"https:\/\/www.radiopresidenteibanez.cl\/web\/wp-json\/wp\/v2\/comments?post=2947"}],"version-history":[{"count":0,"href":"https:\/\/www.radiopresidenteibanez.cl\/web\/wp-json\/wp\/v2\/posts\/2947\/revisions"}],"wp:featuredmedia":[{"embeddable":true,"href":"https:\/\/www.radiopresidenteibanez.cl\/web\/wp-json\/wp\/v2\/media\/2948"}],"wp:attachment":[{"href":"https:\/\/www.radiopresidenteibanez.cl\/web\/wp-json\/wp\/v2\/media?parent=2947"}],"wp:term":[{"taxonomy":"category","embeddable":true,"href":"https:\/\/www.radiopresidenteibanez.cl\/web\/wp-json\/wp\/v2\/categories?post=2947"},{"taxonomy":"post_tag","embeddable":true,"href":"https:\/\/www.radiopresidenteibanez.cl\/web\/wp-json\/wp\/v2\/tags?post=2947"}],"curies":[{"name":"wp","href":"https:\/\/api.w.org\/{rel}","templated":true}]}}