{"id":29456,"date":"2022-05-09T13:13:00","date_gmt":"2022-05-09T16:13:00","guid":{"rendered":"https:\/\/www.radiopresidenteibanez.cl\/web\/?p=29456"},"modified":"2022-05-09T12:07:44","modified_gmt":"2022-05-09T15:07:44","slug":"dia-nacional-del-teatro-en-el-ultimo-tren-a-casa","status":"publish","type":"post","link":"https:\/\/www.radiopresidenteibanez.cl\/web\/dia-nacional-del-teatro-en-el-ultimo-tren-a-casa\/","title":{"rendered":"D\u00cdA NACIONAL DEL TEATRO EN EL \u00daLTIMO TREN A CASA"},"content":{"rendered":"\n<p>Este mi\u00e9rcoles 11 de mayo 19 hrs ( de Magallanes) el programa\u00a0<em>\u00abEl \u00faltimo tren a casa\u00bb<\/em>\u00a0\u00a0que produce el Colectivo Aczi\u00f3n Kultural\u00a0\u00a0y\u00a0\u00a0que conduce Pedro Guichapany en Radio Presidente Ib\u00e1\u00f1ez presenta una edici\u00f3n dedicada a festejar el\u00a0<strong>\u00abD\u00cdA NACIONAL DEL TEATRO\u00bb.<\/strong>El D\u00eda Nacional del Teatro fue instituido por la ley n\u00famero 20.153 del 26 de diciembre de 2006 y se fij\u00f3 para su celebraci\u00f3n el 11 de mayo, d\u00eda del natalicio del director Andr\u00e9s P\u00e9rez Araya.\u00a0La primera celebraci\u00f3n se efectu\u00f3 en mayo de 2007.<br>Andr\u00e9s P\u00e9rez Araya naci\u00f3 el 11 de mayo de 1951 en Punta Arenas, hijo de Antonio P\u00e9rez Alonso, maestro de herrer\u00eda en ASMAR de la Armada, y Alicia Araya, due\u00f1a de casa.8 En su infancia tuvo varios problemas de salud, naci\u00f3 con ictericia y ten\u00eda problemas hep\u00e1ticos de la ves\u00edcula biliar.\u200b Su inquietud religiosa lo llev\u00f3 a ingresar a la Congregaci\u00f3n de la Sagrada Familia, estando en los seminarios de La Serena y Santiago, y de la cual fue expulsado por indisciplina. De adolescente se traslada, junto a su familia a vivir a Tocopilla, puerto nortino. Aqu\u00ed empieza a potenciar su natural talento creativo y liderazgo; crea el grupo de teatro \u201cATELIT\u201d, al que dirige, le escribe obras de teatro y las produce.\u00a0<br>En 1972 se cas\u00f3 con la actriz y bailarina Rosa Ram\u00edrez, matrimonio que finaliz\u00f3 en 1975; de aquella relaci\u00f3n naci\u00f3, el 11 de septiembre de 1973, su hijo Andr\u00e9s.\u00a0\u00a0Viaj\u00f3 a Francia, donde en 1982 se integr\u00f3 al\u00a0<em>Th\u00e9\u00e2tre du Soleil<\/em>.\u200b Durante su participaci\u00f3n en dicho grupo, actu\u00f3 en obras como \u00abEnrique IV\u00bb, \u00abRicardo II\u00bb, \u00abLa historia terrible, pero inacabada de Norodom Sihanorik\u00bb, \u00abRey de Camboya\u00bb, \u00abLa Indiada\u00bb, entre otras.<br>\u00a0Regres\u00f3 a Chile en 1988, a\u00f1o en que, influenciado por su experiencia en Francia, fund\u00f3 la compa\u00f1\u00eda teatral Gran Circo Teatro, el d\u00eda 11 de octubre. Desde esta compa\u00f1\u00eda surgieron obras como \u201cNemesio pela&#8217;o que es lo que te ha pasa&#8217;o\u201d, \u201cPopol Vuh\u201d, y la m\u00e1s influyente de su carrera, \u201cLa Negra Ester\u201d, que lo catapult\u00f3 como uno de los renovadores de la escena art\u00edstica de Chile durante la d\u00e9cada de 1990.\u00a0<br>Andr\u00e9s P\u00e9rez en su constante b\u00fasqueda de lugares para trabajar el arte recuper\u00f3 las bodegas estatales de Matucana, lo que le llev\u00f3 a conflictuar con el entonces bi-ministro de Vivienda y Bienes Nacionales, Jaime Ravinet, ya que Andr\u00e9s planteaba que las y los artistas fueran quienes gestionaran el espacio al alero del aparato estatal, sin embargo fue rechazado y desalojado bajo la autoridad del entonces Presidente Ricardo Lagos. Hoy ese lugar es el Centro Cultural Matucana 100.\u00a0\u00a0En el a\u00f1o 2000 se le diagnostic\u00f3 VIH, situaci\u00f3n que mantuvo en silencio pese a haber sido un promotor del respeto hacia las personas viviendo con VIH, y defensor de las minor\u00edas sexuales; de hecho \u00e9l declar\u00f3 abiertamente en varias oportunidades su bisexualidad.\u200b El 1 de noviembre del 2001, ingres\u00f3 en el Hospital San Jos\u00e9 de Santiago de Chile a causa de neumon\u00eda.\u200b Estuvo en la cama n.\u00ba 8, que meses m\u00e1s tarde se har\u00eda conocida por haber tenido uno de los \u00edndices de muerte m\u00e1s altos de ese hospital, debido a un error en los ductos de aire y ox\u00edgeno. Andr\u00e9s\u200bP\u00e9rez falleci\u00f3 el 3 de enero de 2002.\u00a0\u00a0<br>Desde hace 16 a\u00f1os en Chile se celebra el D\u00eda Nacional del Teatro. Se escogi\u00f3 como fecha el 11 de mayo, para conmemorar el natalicio de uno de los exponentes m\u00e1s grandes de este arte: Andr\u00e9s P\u00e9rez Araya. Este afamado director, logr\u00f3 introducir nuevas formas de representaci\u00f3n propias del circo y del teatro callejero en la escena cultural chilena de los a\u00f1os 80. Su obra m\u00e1s reconocida es \u201cLa Negra Ester\u201d, la cual se considera como una de las piezas art\u00edsticas m\u00e1s ic\u00f3nicas del teatro chileno\u2026\u00a0<br><\/p>\n","protected":false},"excerpt":{"rendered":"<p>Este mi\u00e9rcoles 11 de mayo 19 hrs ( de Magallanes) el programa\u00a0\u00abEl \u00faltimo tren a casa\u00bb\u00a0\u00a0que produce el Colectivo Aczi\u00f3n Kultural\u00a0\u00a0y\u00a0\u00a0que conduce Pedro Guichapany en Radio Presidente Ib\u00e1\u00f1ez presenta una&#8230; <a class=\"read-more\" href=\"https:\/\/www.radiopresidenteibanez.cl\/web\/dia-nacional-del-teatro-en-el-ultimo-tren-a-casa\/\">Leer m\u00e1s<\/a><\/p>\n","protected":false},"author":2,"featured_media":29457,"comment_status":"closed","ping_status":"closed","sticky":false,"template":"","format":"standard","meta":{"footnotes":""},"categories":[1],"tags":[],"class_list":["post-29456","post","type-post","status-publish","format-standard","has-post-thumbnail","hentry","category-cronica"],"_links":{"self":[{"href":"https:\/\/www.radiopresidenteibanez.cl\/web\/wp-json\/wp\/v2\/posts\/29456","targetHints":{"allow":["GET"]}}],"collection":[{"href":"https:\/\/www.radiopresidenteibanez.cl\/web\/wp-json\/wp\/v2\/posts"}],"about":[{"href":"https:\/\/www.radiopresidenteibanez.cl\/web\/wp-json\/wp\/v2\/types\/post"}],"author":[{"embeddable":true,"href":"https:\/\/www.radiopresidenteibanez.cl\/web\/wp-json\/wp\/v2\/users\/2"}],"replies":[{"embeddable":true,"href":"https:\/\/www.radiopresidenteibanez.cl\/web\/wp-json\/wp\/v2\/comments?post=29456"}],"version-history":[{"count":0,"href":"https:\/\/www.radiopresidenteibanez.cl\/web\/wp-json\/wp\/v2\/posts\/29456\/revisions"}],"wp:featuredmedia":[{"embeddable":true,"href":"https:\/\/www.radiopresidenteibanez.cl\/web\/wp-json\/wp\/v2\/media\/29457"}],"wp:attachment":[{"href":"https:\/\/www.radiopresidenteibanez.cl\/web\/wp-json\/wp\/v2\/media?parent=29456"}],"wp:term":[{"taxonomy":"category","embeddable":true,"href":"https:\/\/www.radiopresidenteibanez.cl\/web\/wp-json\/wp\/v2\/categories?post=29456"},{"taxonomy":"post_tag","embeddable":true,"href":"https:\/\/www.radiopresidenteibanez.cl\/web\/wp-json\/wp\/v2\/tags?post=29456"}],"curies":[{"name":"wp","href":"https:\/\/api.w.org\/{rel}","templated":true}]}}