{"id":2944,"date":"2019-04-02T15:34:49","date_gmt":"2019-04-02T15:34:49","guid":{"rendered":"http:\/\/www.radiopresidenteibanez.cl\/web\/?p=2944"},"modified":"2019-04-02T15:35:28","modified_gmt":"2019-04-02T15:35:28","slug":"cdt-realizo-curso-sobre-tecnologia-bim-en-punta-arenas","status":"publish","type":"post","link":"https:\/\/www.radiopresidenteibanez.cl\/web\/cdt-realizo-curso-sobre-tecnologia-bim-en-punta-arenas\/","title":{"rendered":"CDT REALIZ\u00d3 CURSO SOBRE TECNOLOG\u00cdA BIM EN PUNTA ARENAS"},"content":{"rendered":"\n<p>La C\u00e1mara Chilena de la Construcci\u00f3n, en conjunto con la Corporaci\u00f3n de Desarrollo Tecnol\u00f3gico (CDT), ofreci\u00f3 a sus socios y a profesionales del rubro el Curso \u201cTecnolog\u00edas BIM: Revit AutoDesk (Architecture + MEP)\u201d en Punta Arenas, el cual se desarroll\u00f3 en el Auditorio de la C\u00e1mara local en los meses de enero y marzo del presente a\u00f1o.<\/p>\n\n\n\n<p>El objetivo del curso fue desarrollar competencias con la metodolog\u00eda BIM, para desempe\u00f1arse en un futuro como un modelador de proyectos de edificaci\u00f3n basado en los requerimientos pr\u00f3ximos para la implementaci\u00f3n del Plan BIM 2020. As\u00ed, los alumnos finalizaron el taller siendo capaces de modelar diversos proyectos dise\u00f1o y especialidades de acuerdo al desarrollo integral de la herramienta.<\/p>\n\n\n\n<p>El curso de especializaci\u00f3n const\u00f3 de cuatro sesiones repartidas en enero y marzo de este a\u00f1o, totalizando 32 horas cronol\u00f3gicas de estudio.<\/p>\n\n\n\n<p>\u201cFue un curso bastante intenso, donde vimos no solamente arquitectura, sino que tambi\u00e9n aspectos de estructura, de instalaciones, entre otros. Entender la metodolog\u00eda BIM es importante porque nos acerca a una tecnolog\u00eda de m\u00faltiples softwares que est\u00e1n vinculados. Esto ayuda a entender hacia d\u00f3nde va el Plan 2020 que existe hoy en d\u00eda como una ordenanza lineal para Chile; en definitiva, entender cu\u00e1les son los lineamientos y aspectos importantes y trascendentales que tiene BIM ayuda a mejorar la productividad\u201d, dijo Francisco Aguilar, de la CDT CChC.<\/p>\n\n\n\n<p>En a\u00f1os anteriores, la CChC Punta Arenas hab\u00eda desarrollado cursos relacionados a la tem\u00e1tica BIM, pero en 2019 se realiz\u00f3 de manera in\u00e9dita el curso de especializaci\u00f3n de la herramienta.<\/p>\n\n\n\n<p>\u201cEs una experiencia bastante nueva porque lo que est\u00e1bamos aprendiendo es el m\u00e9todo del futuro, la implementaci\u00f3n de este sistema\u201d, se\u00f1al\u00f3 Carlos Neven, trabajador de la empresa social Senercom que finaliz\u00f3 el curso con \u00e9xito.<\/p>\n\n\n\n<p>El curso estuvo dirigido a arquitectos, constructores, dise\u00f1adores proyectistas y a profesionales de carreras af\u00edn, y pr\u00f3ximamente se espera realizar un Diplomado sobre BIM en la regi\u00f3n de Magallanes y Ant\u00e1rtica Chilena.<\/p>\n\n\n\n<figure class=\"wp-block-image\"><img loading=\"lazy\" decoding=\"async\" width=\"900\" height=\"600\" src=\"https:\/\/www.radiopresidenteibanez.cl\/web\/wp-content\/uploads\/2019\/04\/Curso-BIM-7.jpg\" alt=\"\" class=\"wp-image-2945\" srcset=\"https:\/\/www.radiopresidenteibanez.cl\/web\/wp-content\/uploads\/2019\/04\/Curso-BIM-7.jpg 900w, https:\/\/www.radiopresidenteibanez.cl\/web\/wp-content\/uploads\/2019\/04\/Curso-BIM-7-300x200.jpg 300w, https:\/\/www.radiopresidenteibanez.cl\/web\/wp-content\/uploads\/2019\/04\/Curso-BIM-7-768x512.jpg 768w\" sizes=\"auto, (max-width: 900px) 100vw, 900px\" \/><\/figure>\n","protected":false},"excerpt":{"rendered":"<p>La C\u00e1mara Chilena de la Construcci\u00f3n, en conjunto con la Corporaci\u00f3n de Desarrollo Tecnol\u00f3gico (CDT), ofreci\u00f3 a sus socios y a profesionales del rubro el Curso \u201cTecnolog\u00edas BIM: Revit AutoDesk&#8230; <a class=\"read-more\" href=\"https:\/\/www.radiopresidenteibanez.cl\/web\/cdt-realizo-curso-sobre-tecnologia-bim-en-punta-arenas\/\">Leer m\u00e1s<\/a><\/p>\n","protected":false},"author":2,"featured_media":2945,"comment_status":"closed","ping_status":"closed","sticky":false,"template":"","format":"standard","meta":{"footnotes":""},"categories":[1],"tags":[],"class_list":["post-2944","post","type-post","status-publish","format-standard","has-post-thumbnail","hentry","category-cronica"],"_links":{"self":[{"href":"https:\/\/www.radiopresidenteibanez.cl\/web\/wp-json\/wp\/v2\/posts\/2944","targetHints":{"allow":["GET"]}}],"collection":[{"href":"https:\/\/www.radiopresidenteibanez.cl\/web\/wp-json\/wp\/v2\/posts"}],"about":[{"href":"https:\/\/www.radiopresidenteibanez.cl\/web\/wp-json\/wp\/v2\/types\/post"}],"author":[{"embeddable":true,"href":"https:\/\/www.radiopresidenteibanez.cl\/web\/wp-json\/wp\/v2\/users\/2"}],"replies":[{"embeddable":true,"href":"https:\/\/www.radiopresidenteibanez.cl\/web\/wp-json\/wp\/v2\/comments?post=2944"}],"version-history":[{"count":0,"href":"https:\/\/www.radiopresidenteibanez.cl\/web\/wp-json\/wp\/v2\/posts\/2944\/revisions"}],"wp:featuredmedia":[{"embeddable":true,"href":"https:\/\/www.radiopresidenteibanez.cl\/web\/wp-json\/wp\/v2\/media\/2945"}],"wp:attachment":[{"href":"https:\/\/www.radiopresidenteibanez.cl\/web\/wp-json\/wp\/v2\/media?parent=2944"}],"wp:term":[{"taxonomy":"category","embeddable":true,"href":"https:\/\/www.radiopresidenteibanez.cl\/web\/wp-json\/wp\/v2\/categories?post=2944"},{"taxonomy":"post_tag","embeddable":true,"href":"https:\/\/www.radiopresidenteibanez.cl\/web\/wp-json\/wp\/v2\/tags?post=2944"}],"curies":[{"name":"wp","href":"https:\/\/api.w.org\/{rel}","templated":true}]}}