{"id":29432,"date":"2022-05-08T16:07:00","date_gmt":"2022-05-08T19:07:00","guid":{"rendered":"https:\/\/www.radiopresidenteibanez.cl\/web\/?p=29432"},"modified":"2022-05-08T12:57:34","modified_gmt":"2022-05-08T15:57:34","slug":"inia-trabajara-para-aumentar-produccion-alimentaria-de-magallanes","status":"publish","type":"post","link":"https:\/\/www.radiopresidenteibanez.cl\/web\/inia-trabajara-para-aumentar-produccion-alimentaria-de-magallanes\/","title":{"rendered":"INIA trabajar\u00e1 para aumentar producci\u00f3n alimentaria de Magallanes"},"content":{"rendered":"\n<p>Una visita de dos d\u00edas realiz\u00f3 la nueva\ndirectora nacional del Instituto de investigaciones agropecuarias INIA, al\ncentro regional de investigaciones INIA Kampenaike, en Magallanes, con el fin\nde presentar formalmente al nuevo director regional, Erwin Dom\u00ednguez con los y\nlas trabajadoras de la instituci\u00f3n, como tambi\u00e9n ante las autoridades\nregionales.<\/p>\n\n\n\n<p>\u201cEsta visita ten\u00eda varios objetivos, el\nprincipal era poder conocer en terreno a cada uno de nuestros colaboradores de\nKampenaike. Adem\u00e1s, poder presentar al director de manera formal ante las\nautoridades como la seremi de Agricultura, Irene Ram\u00edrez, el gobernador\nregional, Jorge Flies, la delegada presidencial regional, Luz Berm\u00fadez y poder\ncon ellos definir cu\u00e1les son los \u00e9nfasis o las l\u00edneas en las cuales el INIA\npuede aportar\u201d, detall\u00f3 la directora.<\/p>\n\n\n\n<p>\u201cHay un par de cosas que hemos sacado en\nconclusi\u00f3n de esta visita: una tiene que ver con que el INIA tiene mucho que\naportar y vamos a trabajar en poder aumentar la cantidad de alimentos que\nproducen de forma regional; otra, tiene que ver con el uso de los datos\nmeteorol\u00f3gicos de las estaciones clim\u00e1ticas que est\u00e1n instaladas y las que se\nvan a instalar para tenerlos a disposici\u00f3n de la agricultura familiar campesina\ny las autoridades para la toma de decisiones oportunas respecto de los manejos\nagropecuarios y, por \u00faltimo, poder abrir una l\u00ednea de investigaci\u00f3n en la\nAnt\u00e1rtica que pueda dar respuesta al rescate de las plantas que viven en un\ngran estr\u00e9s y c\u00f3mo \u00e9stas nos pueden ayudar a encontrar soluciones u\noportunidades para los cultivos locales\u201d, sostuvo Lobos, tras conversar con las\nautoridades regionales.<\/p>\n\n\n\n<p>El director de Kampenaike destac\u00f3 que son\ngrandes los desaf\u00edos planteados, y que representan una oportunidad para este\nper\u00edodo en que se tendr\u00e1 que aumentar la producci\u00f3n de prote\u00edna vegetal,\nfortalecer el \u00e1rea hortofrut\u00edcola del Instituto, relevar la importancia de la\ntransferencia y aumentar la red de estaciones clim\u00e1ticas a 24, \u201cadem\u00e1s vamos a\nredefinir los distritos agroclim\u00e1ticos en un escenario de cambio clim\u00e1tico como\nel que estamos viviendo actualmente\u201d, indic\u00f3 Dom\u00ednguez.<\/p>\n\n\n\n<p>Sobre la transferencia tecnol\u00f3gica -que es uno\nde los \u00e9nfasis de esta nueva administraci\u00f3n- Dom\u00ednguez explic\u00f3 que\n\u201cprincipalmente lo que haremos es transferir nuestros conocimientos a personas\nque puedan replicarlo, entonces adem\u00e1s de las AFC vamos a acercarnos a los\nprofesores y a los servicios del agro\u201d.<\/p>\n\n\n\n<p>Un tema que la directora nacional pudo\nplantearle a las autoridades regionales ha sido la necesidad de \u201ctrabajar de\nforma concreta en poder construir el edificio de INIA en Punta Arenas\u201d. Durante\nsu visita la directora realiz\u00f3 un recorrido por las oficinas de INIA\nKampenaike, como tambi\u00e9n a las instalaciones ubicadas en Laguna Blanca, donde\ndialog\u00f3 con el personal y vio los avances de los proyectos en ejecuci\u00f3n. <\/p>\n","protected":false},"excerpt":{"rendered":"<p>Una visita de dos d\u00edas realiz\u00f3 la nueva directora nacional del Instituto de investigaciones agropecuarias INIA, al centro regional de investigaciones INIA Kampenaike, en Magallanes, con el fin de presentar&#8230; <a class=\"read-more\" href=\"https:\/\/www.radiopresidenteibanez.cl\/web\/inia-trabajara-para-aumentar-produccion-alimentaria-de-magallanes\/\">Leer m\u00e1s<\/a><\/p>\n","protected":false},"author":2,"featured_media":29433,"comment_status":"closed","ping_status":"closed","sticky":false,"template":"","format":"standard","meta":{"footnotes":""},"categories":[1],"tags":[],"class_list":["post-29432","post","type-post","status-publish","format-standard","has-post-thumbnail","hentry","category-cronica"],"_links":{"self":[{"href":"https:\/\/www.radiopresidenteibanez.cl\/web\/wp-json\/wp\/v2\/posts\/29432","targetHints":{"allow":["GET"]}}],"collection":[{"href":"https:\/\/www.radiopresidenteibanez.cl\/web\/wp-json\/wp\/v2\/posts"}],"about":[{"href":"https:\/\/www.radiopresidenteibanez.cl\/web\/wp-json\/wp\/v2\/types\/post"}],"author":[{"embeddable":true,"href":"https:\/\/www.radiopresidenteibanez.cl\/web\/wp-json\/wp\/v2\/users\/2"}],"replies":[{"embeddable":true,"href":"https:\/\/www.radiopresidenteibanez.cl\/web\/wp-json\/wp\/v2\/comments?post=29432"}],"version-history":[{"count":0,"href":"https:\/\/www.radiopresidenteibanez.cl\/web\/wp-json\/wp\/v2\/posts\/29432\/revisions"}],"wp:featuredmedia":[{"embeddable":true,"href":"https:\/\/www.radiopresidenteibanez.cl\/web\/wp-json\/wp\/v2\/media\/29433"}],"wp:attachment":[{"href":"https:\/\/www.radiopresidenteibanez.cl\/web\/wp-json\/wp\/v2\/media?parent=29432"}],"wp:term":[{"taxonomy":"category","embeddable":true,"href":"https:\/\/www.radiopresidenteibanez.cl\/web\/wp-json\/wp\/v2\/categories?post=29432"},{"taxonomy":"post_tag","embeddable":true,"href":"https:\/\/www.radiopresidenteibanez.cl\/web\/wp-json\/wp\/v2\/tags?post=29432"}],"curies":[{"name":"wp","href":"https:\/\/api.w.org\/{rel}","templated":true}]}}