{"id":2942,"date":"2019-04-02T14:52:50","date_gmt":"2019-04-02T14:52:50","guid":{"rendered":"http:\/\/www.radiopresidenteibanez.cl\/web\/?p=2942"},"modified":"2019-04-02T14:53:14","modified_gmt":"2019-04-02T14:53:14","slug":"gremios-de-salud-informan-a-la-comunidad","status":"publish","type":"post","link":"https:\/\/www.radiopresidenteibanez.cl\/web\/gremios-de-salud-informan-a-la-comunidad\/","title":{"rendered":"GREMIOS DE SALUD INFORMAN A LA COMUNIDAD"},"content":{"rendered":"\n<p>COMUNICADO PUBLICO N* 02<\/p>\n\n\n\n<p>Los Gremios ASENF, FENTESS y FENATS, que\nagrupan a m\u00e1s del 80 % de la dotaci\u00f3n de funcionarios Hospital Cl\u00ednico\nMagallanes \u201cDr. Lautaro Navarro Avaria\u201d, vienen en comunicar que el d\u00eda de hoy\n01 de abril de 2019, se sostuvo reuni\u00f3n con el Director Direcci\u00f3n Servicio\nSalud Magallanes.<\/p>\n\n\n\n<p>Donde se hizo presente nuestra sorpresa y\nmalestar por las declaraciones emanadas en los medios de comunicaci\u00f3n local,\nsiendo que el d\u00eda jueves 28 de marzo, la totalidad de los gremios incluidos un\nrepresentante de FENPRUSS, participamos de una reuni\u00f3n presidida por el\nDirector Direcci\u00f3n del Servicio Salud Magallanes, D. Nelson Reyes Silva donde\nse nos inform\u00f3 a todos de las medidas adoptadas y del compromiso de mantener a\nlos funcionarios en los cometidos vigentes mientras se buscaba una soluci\u00f3n\ndefinitiva.<\/p>\n\n\n\n<p>Se\u00f1alar que existi\u00f3 un compromiso de los\npresentes en informar a nuestras bases y transmitir lo dicho por el Director a\ntodos los funcionarios, para su tranquilidad. Por el contrario, se gener\u00f3 un\nambiente de incertidumbre y angustia que afecto a la comunidad hospitalaria y a\nsu entorno familiar.<\/p>\n\n\n\n<p>Nuevamente hacemos un llamado a los\nmedios de comunicaci\u00f3n a ser m\u00e1s rigurosos en verificar las fuentes de\ninformaci\u00f3n y reafirmar que ninguno de los otros gremios fuimos consultados, a\npesar del gran n\u00famero de asociados que representamos.<\/p>\n\n\n\n<p>Aclarado este punto, los gremios retomamos la Mesa con la DSSM., agendando una jornada de trabajo para el pr\u00f3ximo mi\u00e9rcoles 03 de abril, en que se analizaran detalladamente los comisiones y cometidos funcionarios vigentes a fin de buscar una soluci\u00f3n de estabilidad laboral y continuidad de servicio a los usuarios.<\/p>\n\n\n\n<figure class=\"wp-block-image\"><img loading=\"lazy\" decoding=\"async\" width=\"1000\" height=\"553\" src=\"http:\/\/www.radiopresidenteibanez.cl\/web\/wp-content\/uploads\/2018\/12\/hospital-de-magallanes.jpg\" alt=\"\" class=\"wp-image-57\" srcset=\"https:\/\/www.radiopresidenteibanez.cl\/web\/wp-content\/uploads\/2018\/12\/hospital-de-magallanes.jpg 1000w, https:\/\/www.radiopresidenteibanez.cl\/web\/wp-content\/uploads\/2018\/12\/hospital-de-magallanes-300x166.jpg 300w, https:\/\/www.radiopresidenteibanez.cl\/web\/wp-content\/uploads\/2018\/12\/hospital-de-magallanes-768x425.jpg 768w\" sizes=\"auto, (max-width: 1000px) 100vw, 1000px\" \/><\/figure>\n","protected":false},"excerpt":{"rendered":"<p>COMUNICADO PUBLICO N* 02 Los Gremios ASENF, FENTESS y FENATS, que agrupan a m\u00e1s del 80 % de la dotaci\u00f3n de funcionarios Hospital Cl\u00ednico Magallanes \u201cDr. Lautaro Navarro Avaria\u201d, vienen&#8230; <a class=\"read-more\" href=\"https:\/\/www.radiopresidenteibanez.cl\/web\/gremios-de-salud-informan-a-la-comunidad\/\">Leer m\u00e1s<\/a><\/p>\n","protected":false},"author":2,"featured_media":57,"comment_status":"closed","ping_status":"closed","sticky":false,"template":"","format":"standard","meta":{"footnotes":""},"categories":[1],"tags":[],"class_list":["post-2942","post","type-post","status-publish","format-standard","has-post-thumbnail","hentry","category-cronica"],"_links":{"self":[{"href":"https:\/\/www.radiopresidenteibanez.cl\/web\/wp-json\/wp\/v2\/posts\/2942","targetHints":{"allow":["GET"]}}],"collection":[{"href":"https:\/\/www.radiopresidenteibanez.cl\/web\/wp-json\/wp\/v2\/posts"}],"about":[{"href":"https:\/\/www.radiopresidenteibanez.cl\/web\/wp-json\/wp\/v2\/types\/post"}],"author":[{"embeddable":true,"href":"https:\/\/www.radiopresidenteibanez.cl\/web\/wp-json\/wp\/v2\/users\/2"}],"replies":[{"embeddable":true,"href":"https:\/\/www.radiopresidenteibanez.cl\/web\/wp-json\/wp\/v2\/comments?post=2942"}],"version-history":[{"count":0,"href":"https:\/\/www.radiopresidenteibanez.cl\/web\/wp-json\/wp\/v2\/posts\/2942\/revisions"}],"wp:featuredmedia":[{"embeddable":true,"href":"https:\/\/www.radiopresidenteibanez.cl\/web\/wp-json\/wp\/v2\/media\/57"}],"wp:attachment":[{"href":"https:\/\/www.radiopresidenteibanez.cl\/web\/wp-json\/wp\/v2\/media?parent=2942"}],"wp:term":[{"taxonomy":"category","embeddable":true,"href":"https:\/\/www.radiopresidenteibanez.cl\/web\/wp-json\/wp\/v2\/categories?post=2942"},{"taxonomy":"post_tag","embeddable":true,"href":"https:\/\/www.radiopresidenteibanez.cl\/web\/wp-json\/wp\/v2\/tags?post=2942"}],"curies":[{"name":"wp","href":"https:\/\/api.w.org\/{rel}","templated":true}]}}