{"id":29380,"date":"2022-05-05T11:29:00","date_gmt":"2022-05-05T14:29:00","guid":{"rendered":"https:\/\/www.radiopresidenteibanez.cl\/web\/?p=29380"},"modified":"2022-05-05T10:51:12","modified_gmt":"2022-05-05T13:51:12","slug":"situacion-hospital-clinico-magallanes-y-red-integrada-covid-212","status":"publish","type":"post","link":"https:\/\/www.radiopresidenteibanez.cl\/web\/situacion-hospital-clinico-magallanes-y-red-integrada-covid-212\/","title":{"rendered":"SITUACI\u00d3N HOSPITAL CLINICO MAGALLANES Y RED INTEGRADA COVID"},"content":{"rendered":"\n<p>Una ocupaci\u00f3n del 69,4% presenta la ma\u00f1ana de este jueves 05 de mayo, la Unidad de Paciente Cr\u00edtico del Hospital Cl\u00ednico Magallanes (HCM), lo que se traduce en la disponibilidad de 5 cupo UCI y 6 UTI. Reiterar que la ocupaci\u00f3n de camas es din\u00e1mica y var\u00eda debido a diversas situaciones.<\/p>\n\n\n\n<p>Respecto de la Red Integrada COVID -19, compuesta por establecimientos con camas UCI \u2013 UTI e integrada por HCM, Hospital Dr. Augusto Essmann Burgos de Puerto Natales, Hospital de las Fuerzas Armadas y Cl\u00ednica Red Salud Magallanes, registra un 68,4% de ocupaci\u00f3n, con disponibilidad regional de 18 camas cr\u00edticas (7 UCI y 11 UTI), mientras que los ventiladores mec\u00e1nicos invasivos alcanzan un 50% de ocupaci\u00f3n, con 11 equipos ocupados y 11 equipos disponibles. Se\u00f1alar que, de las 39 camas cr\u00edticas ocupadas en la Red Integrada, 6 corresponde a paciente COVID-19 positivo, con hospitalizaci\u00f3n de 4 en UTI HCM y 2 en Cl\u00ednica Red Salud Magallanes (1 UTI y 1 UCI). De igual forma, se registran 12 hospitalizados en cama b\u00e1sica, 10 en HCM, 1 en Hospital Porvenir y 1 en Hospital de las Fuerzas Armadas.<\/p>\n","protected":false},"excerpt":{"rendered":"<p>Una ocupaci\u00f3n del 69,4% presenta la ma\u00f1ana de este jueves 05 de mayo, la Unidad de Paciente Cr\u00edtico del Hospital Cl\u00ednico Magallanes (HCM), lo que se traduce en la disponibilidad&#8230; <a class=\"read-more\" href=\"https:\/\/www.radiopresidenteibanez.cl\/web\/situacion-hospital-clinico-magallanes-y-red-integrada-covid-212\/\">Leer m\u00e1s<\/a><\/p>\n","protected":false},"author":2,"featured_media":29381,"comment_status":"closed","ping_status":"closed","sticky":false,"template":"","format":"standard","meta":{"footnotes":""},"categories":[1],"tags":[],"class_list":["post-29380","post","type-post","status-publish","format-standard","has-post-thumbnail","hentry","category-cronica"],"_links":{"self":[{"href":"https:\/\/www.radiopresidenteibanez.cl\/web\/wp-json\/wp\/v2\/posts\/29380","targetHints":{"allow":["GET"]}}],"collection":[{"href":"https:\/\/www.radiopresidenteibanez.cl\/web\/wp-json\/wp\/v2\/posts"}],"about":[{"href":"https:\/\/www.radiopresidenteibanez.cl\/web\/wp-json\/wp\/v2\/types\/post"}],"author":[{"embeddable":true,"href":"https:\/\/www.radiopresidenteibanez.cl\/web\/wp-json\/wp\/v2\/users\/2"}],"replies":[{"embeddable":true,"href":"https:\/\/www.radiopresidenteibanez.cl\/web\/wp-json\/wp\/v2\/comments?post=29380"}],"version-history":[{"count":0,"href":"https:\/\/www.radiopresidenteibanez.cl\/web\/wp-json\/wp\/v2\/posts\/29380\/revisions"}],"wp:featuredmedia":[{"embeddable":true,"href":"https:\/\/www.radiopresidenteibanez.cl\/web\/wp-json\/wp\/v2\/media\/29381"}],"wp:attachment":[{"href":"https:\/\/www.radiopresidenteibanez.cl\/web\/wp-json\/wp\/v2\/media?parent=29380"}],"wp:term":[{"taxonomy":"category","embeddable":true,"href":"https:\/\/www.radiopresidenteibanez.cl\/web\/wp-json\/wp\/v2\/categories?post=29380"},{"taxonomy":"post_tag","embeddable":true,"href":"https:\/\/www.radiopresidenteibanez.cl\/web\/wp-json\/wp\/v2\/tags?post=29380"}],"curies":[{"name":"wp","href":"https:\/\/api.w.org\/{rel}","templated":true}]}}