{"id":29377,"date":"2022-05-05T10:43:00","date_gmt":"2022-05-05T13:43:00","guid":{"rendered":"https:\/\/www.radiopresidenteibanez.cl\/web\/?p=29377"},"modified":"2022-05-05T10:26:05","modified_gmt":"2022-05-05T13:26:05","slug":"seremi-de-agricultura-irene-ramirez-se-reune-con-ejecutivos-banco-estado-para-ver-detalles-de-credito-siembra-chile","status":"publish","type":"post","link":"https:\/\/www.radiopresidenteibanez.cl\/web\/seremi-de-agricultura-irene-ramirez-se-reune-con-ejecutivos-banco-estado-para-ver-detalles-de-credito-siembra-chile\/","title":{"rendered":"SEREMI DE AGRICULTURA, IRENE RAMIREZ SE REUNE CON EJECUTIVOS BANCO ESTADO PARA VER DETALLES DE CREDITO SIEMBRA CHILE"},"content":{"rendered":"\n<p>Ayer en dependencias de la Secretar\u00eda\nregional ministerial, se reunieron el agente regional del BancoEstado N\u00e9stor\nTarbes; el Subgerente Mois\u00e9s Medel y el agente Jos\u00e9 Chicao con la Seremi de\nAgricultura, Irene Ram\u00edrez, para ver en detalle de que trata el nuevo cr\u00e9dito\ndenominado <strong>\u201cCr\u00e9dito BancoEstado Siembra por Chile\u201d.<\/strong><\/p>\n\n\n\n<p>Este cr\u00e9dito &nbsp;fue presentado&nbsp;\nhace unos d\u00edas &nbsp;por el ministro de\nagricultura, Esteban Valenzuela Van Treek y Juan Cooper Gerente General del\nBancoEstado, con el objetivo de apoyar a los y las agricultoras, productores\nafectados por la crisis h\u00eddrica y el aumento del valor de los fertilizantes y\notros insumos, debido a la guerra de Ucrania.<\/p>\n\n\n\n<p>Para ver como se expresa\neste instrumento financiero en la regi\u00f3n de Magallanes el subgerente de\nmicroempresas BancoEstado de Punta Arenas, Mois\u00e9s Medel, precis\u00f3: \u201cLo que busca\nes financiar capital de trabajo para el peque\u00f1o, mediano agricultor consistente\nen que pueda financiar hasta el 80% de sus costos operacionales, para productos\ntales como: alambre, madera, bolsos de lana, nylon etc., que son los productos\nque m\u00e1s requieren nuestros productores en la regi\u00f3n\u201d.<\/p>\n\n\n\n<p>La caracter\u00edstica de cr\u00e9dito\nsiembra por Chile tiene una tasa especial y baja, del 0.99% para operaciones,\ncon hasta un a\u00f1o plazo y tiene una cuota especial para cada agricultor, las que\npueden ser mensuales, bimensuales, incluso trimestrales o una sola cuota anual,\n\u201cnos vamos a acomodar al ciclo anual que el productor tenga en la regi\u00f3n\u201d\npreciso el ejecutivo.<\/p>\n\n\n\n<p>Por su parte la Seremi de\nAgricultura dijo \u201cestamos trabajando para poder llevar las principales necesidades\nde los agricultores que se han recabado y con este cr\u00e9dito que otorga el\nBancoEstado a una tasa preferencial, apoyar la iniciaci\u00f3n de la producci\u00f3n\nagr\u00edcola de esta temporada para disminuir las brechas que son m\u00e1s necesarias y\nurgentes de poder abordar\u201d. &nbsp;Los cr\u00e9ditos\nson en pesos y con una tasa fija preferencial de un 0.99%.<\/p>\n\n\n\n<p>El llamado es a que se acerquen\nal Banco Estado a requerir los detalles de este apoyo que se brinda con el cr\u00e9dito\nSiembra Chile que tiene un tercio menos que el promedio de la tasa de mercado,\npara que los agricultores; peque\u00f1os, medianos y grandes puedan tener un trato\nr\u00e1pido usando la garant\u00eda del FOGAPE. Se trata de un tr\u00e1mite simple y sencillo\nque permite acceder a un financiamiento de hasta 5 mil UF y cubre pr\u00e1cticamente\nel 100% de los costos de insumos y fertilizaci\u00f3n requerido para las siembras.\nLos cr\u00e9ditos son en pesos y con una tasa fija preferencial de un 0.99%.<\/p>\n","protected":false},"excerpt":{"rendered":"<p>Ayer en dependencias de la Secretar\u00eda regional ministerial, se reunieron el agente regional del BancoEstado N\u00e9stor Tarbes; el Subgerente Mois\u00e9s Medel y el agente Jos\u00e9 Chicao con la Seremi de&#8230; <a class=\"read-more\" href=\"https:\/\/www.radiopresidenteibanez.cl\/web\/seremi-de-agricultura-irene-ramirez-se-reune-con-ejecutivos-banco-estado-para-ver-detalles-de-credito-siembra-chile\/\">Leer m\u00e1s<\/a><\/p>\n","protected":false},"author":2,"featured_media":29378,"comment_status":"closed","ping_status":"closed","sticky":false,"template":"","format":"standard","meta":{"footnotes":""},"categories":[1],"tags":[],"class_list":["post-29377","post","type-post","status-publish","format-standard","has-post-thumbnail","hentry","category-cronica"],"_links":{"self":[{"href":"https:\/\/www.radiopresidenteibanez.cl\/web\/wp-json\/wp\/v2\/posts\/29377","targetHints":{"allow":["GET"]}}],"collection":[{"href":"https:\/\/www.radiopresidenteibanez.cl\/web\/wp-json\/wp\/v2\/posts"}],"about":[{"href":"https:\/\/www.radiopresidenteibanez.cl\/web\/wp-json\/wp\/v2\/types\/post"}],"author":[{"embeddable":true,"href":"https:\/\/www.radiopresidenteibanez.cl\/web\/wp-json\/wp\/v2\/users\/2"}],"replies":[{"embeddable":true,"href":"https:\/\/www.radiopresidenteibanez.cl\/web\/wp-json\/wp\/v2\/comments?post=29377"}],"version-history":[{"count":0,"href":"https:\/\/www.radiopresidenteibanez.cl\/web\/wp-json\/wp\/v2\/posts\/29377\/revisions"}],"wp:featuredmedia":[{"embeddable":true,"href":"https:\/\/www.radiopresidenteibanez.cl\/web\/wp-json\/wp\/v2\/media\/29378"}],"wp:attachment":[{"href":"https:\/\/www.radiopresidenteibanez.cl\/web\/wp-json\/wp\/v2\/media?parent=29377"}],"wp:term":[{"taxonomy":"category","embeddable":true,"href":"https:\/\/www.radiopresidenteibanez.cl\/web\/wp-json\/wp\/v2\/categories?post=29377"},{"taxonomy":"post_tag","embeddable":true,"href":"https:\/\/www.radiopresidenteibanez.cl\/web\/wp-json\/wp\/v2\/tags?post=29377"}],"curies":[{"name":"wp","href":"https:\/\/api.w.org\/{rel}","templated":true}]}}