{"id":29374,"date":"2022-05-05T09:46:24","date_gmt":"2022-05-05T12:46:24","guid":{"rendered":"https:\/\/www.radiopresidenteibanez.cl\/web\/?p=29374"},"modified":"2022-05-05T09:46:29","modified_gmt":"2022-05-05T12:46:29","slug":"aniversario-disco-de-grupo-ten-years-after-en-el-ultimo-tren-a-casa","status":"publish","type":"post","link":"https:\/\/www.radiopresidenteibanez.cl\/web\/aniversario-disco-de-grupo-ten-years-after-en-el-ultimo-tren-a-casa\/","title":{"rendered":"ANIVERSARIO DISCO DE GRUPO TEN YEARS AFTER                                         EN EL \u00daLTIMO TREN A CASA"},"content":{"rendered":"\n<p>Este viernes 19 hrs. (hora de Magallanes) el programa&nbsp;&nbsp;<em>\u00abEl \u00faltimo tren a casa\u00bb<\/em>&nbsp;que produce el Colectivo Aczi\u00f3n Kultural&nbsp;&nbsp;y&nbsp;&nbsp;que conduce Pedro Guichapany en Radio Presidente Ib\u00e1\u00f1ez presenta una edici\u00f3n para celebrar los 55 a\u00f1os de grabaci\u00f3n y publicaci\u00f3n del primer disco del grupo de blues rock&nbsp;&nbsp;brit\u00e1nico&nbsp;&nbsp;<strong>TEN YEARS AFTER<\/strong>&nbsp;realizado en el mes de mayo de 1967.&nbsp;<\/p>\n\n\n\n<p>La aparici\u00f3n en 1966 de grupos como<em>&nbsp;\u201cCream\u201d<\/em>&nbsp;con Eric Clapton, Jack Bruce y Ginger Baker en su formaci\u00f3n, propiciaron la aparici\u00f3n de nuevas bandas inglesas en esta l\u00ednea.&nbsp;&nbsp;Entre estos grupos pronto destac\u00f3&nbsp;<em>Ten Years After<\/em>, formada por Alvin Lee en guitarra y voz; Rick Lee en bater\u00eda; Leo Lyons en bajo; y Chick Churchill en teclados.<\/p>\n\n\n\n<p>En mayo de 1967, debutaron en el s\u00e9ptimo festival de jazz y blues de Windsor. Su fama se dispar\u00f3 entre ese a\u00f1o y 1969, con sus cuatro primeros \u00e1lbumes:&nbsp;<em>\u201cTen Years After\u201d, \u201cUndead\u201d, \u201cStonehenge\u201d y \u201cSsssh\u201d.<\/em><\/p>\n\n\n\n<p>La consagraci\u00f3n de Ten Years After llega con el festival de Woodstock, donde ejecutaron el tema&nbsp;<em>\u201cI&#8217;m Going Home\u201d<\/em>,\u200b que coloc\u00f3 a Alvin Lee entre los l\u00edderes de la guitarra de su tiempo.<\/p>\n\n\n\n<p>En el programa de este viernes se podr\u00e1 escuchar el primer disco del grupo del a\u00f1o 1967, disco que lleva el mismo nombre del grupo, ser\u00e1 sin cortes ni interrupciones.<br><\/p>\n","protected":false},"excerpt":{"rendered":"<p>Este viernes 19 hrs. (hora de Magallanes) el programa&nbsp;&nbsp;\u00abEl \u00faltimo tren a casa\u00bb&nbsp;que produce el Colectivo Aczi\u00f3n Kultural&nbsp;&nbsp;y&nbsp;&nbsp;que conduce Pedro Guichapany en Radio Presidente Ib\u00e1\u00f1ez presenta una edici\u00f3n para celebrar&#8230; <a class=\"read-more\" href=\"https:\/\/www.radiopresidenteibanez.cl\/web\/aniversario-disco-de-grupo-ten-years-after-en-el-ultimo-tren-a-casa\/\">Leer m\u00e1s<\/a><\/p>\n","protected":false},"author":2,"featured_media":29375,"comment_status":"closed","ping_status":"closed","sticky":false,"template":"","format":"standard","meta":{"footnotes":""},"categories":[1],"tags":[],"class_list":["post-29374","post","type-post","status-publish","format-standard","has-post-thumbnail","hentry","category-cronica"],"_links":{"self":[{"href":"https:\/\/www.radiopresidenteibanez.cl\/web\/wp-json\/wp\/v2\/posts\/29374","targetHints":{"allow":["GET"]}}],"collection":[{"href":"https:\/\/www.radiopresidenteibanez.cl\/web\/wp-json\/wp\/v2\/posts"}],"about":[{"href":"https:\/\/www.radiopresidenteibanez.cl\/web\/wp-json\/wp\/v2\/types\/post"}],"author":[{"embeddable":true,"href":"https:\/\/www.radiopresidenteibanez.cl\/web\/wp-json\/wp\/v2\/users\/2"}],"replies":[{"embeddable":true,"href":"https:\/\/www.radiopresidenteibanez.cl\/web\/wp-json\/wp\/v2\/comments?post=29374"}],"version-history":[{"count":0,"href":"https:\/\/www.radiopresidenteibanez.cl\/web\/wp-json\/wp\/v2\/posts\/29374\/revisions"}],"wp:featuredmedia":[{"embeddable":true,"href":"https:\/\/www.radiopresidenteibanez.cl\/web\/wp-json\/wp\/v2\/media\/29375"}],"wp:attachment":[{"href":"https:\/\/www.radiopresidenteibanez.cl\/web\/wp-json\/wp\/v2\/media?parent=29374"}],"wp:term":[{"taxonomy":"category","embeddable":true,"href":"https:\/\/www.radiopresidenteibanez.cl\/web\/wp-json\/wp\/v2\/categories?post=29374"},{"taxonomy":"post_tag","embeddable":true,"href":"https:\/\/www.radiopresidenteibanez.cl\/web\/wp-json\/wp\/v2\/tags?post=29374"}],"curies":[{"name":"wp","href":"https:\/\/api.w.org\/{rel}","templated":true}]}}