{"id":2936,"date":"2019-04-02T14:23:43","date_gmt":"2019-04-02T14:23:43","guid":{"rendered":"http:\/\/www.radiopresidenteibanez.cl\/web\/?p=2936"},"modified":"2019-04-02T14:24:21","modified_gmt":"2019-04-02T14:24:21","slug":"seremi-de-educacion-de-magallanes-y-junaeb-informaran-sobre-retarjetizacion-baes","status":"publish","type":"post","link":"https:\/\/www.radiopresidenteibanez.cl\/web\/seremi-de-educacion-de-magallanes-y-junaeb-informaran-sobre-retarjetizacion-baes\/","title":{"rendered":"SEREMI DE EDUCACI\u00d3N DE MAGALLANES Y JUNAEB INFORMAR\u00c1N SOBRE RETARJETIZACI\u00d3N BAES"},"content":{"rendered":"\n<p>Las autoridades informar\u00e1n sobre los beneficios de la Beca de Alimentaci\u00f3n de la Educaci\u00f3n Superior (BAES) que consiste en un subsidio entregado por JUNAEB y operado por Sodexo y consta de una tarjeta electr\u00f3nica que es posible utilizar en una red de locales asociados.<\/p>\n\n\n\n<p>El objetivo de la BAES, es apoyar la permanencia y el egreso de la Educaci\u00f3n Superior a los estudiantes m\u00e1s vulnerables del Pa\u00eds, mediante la entrega de un subsidio de la alimentaci\u00f3n que consiste en $1.600 diarios por 20 d\u00edas (equivalente a 32.000 pesos mensuales) durante 10 meses al a\u00f1o (marzo a diciembre). En la Regi\u00f3n de Magallanes el monto es de $1.700 diarios, $34.000 mensuales, beneficiando a&nbsp;3.185&nbsp;estudiantes.<\/p>\n\n\n\n<p>La BAES no tiene una postulaci\u00f3n aparte, sino que se entrega autom\u00e1ticamente a aquellos alumnos que obtienen algunas de las becas de arancel y pertenecen a los deciles 1 al 6 (quintiles 1 al 3). Para m\u00e1s informaci\u00f3n sobre estas ayudas, ingresa a&nbsp;<strong><a href=\"https:\/\/www.junaeb.cl\/beca-baes\" target=\"_blank\" rel=\"noreferrer noopener\">www.junaeb.cl\/beca-baes<\/a><\/strong>.<\/p>\n","protected":false},"excerpt":{"rendered":"<p>Las autoridades informar\u00e1n sobre los beneficios de la Beca de Alimentaci\u00f3n de la Educaci\u00f3n Superior (BAES) que consiste en un subsidio entregado por JUNAEB y operado por Sodexo y consta&#8230; <a class=\"read-more\" href=\"https:\/\/www.radiopresidenteibanez.cl\/web\/seremi-de-educacion-de-magallanes-y-junaeb-informaran-sobre-retarjetizacion-baes\/\">Leer m\u00e1s<\/a><\/p>\n","protected":false},"author":2,"featured_media":740,"comment_status":"closed","ping_status":"closed","sticky":false,"template":"","format":"standard","meta":{"footnotes":""},"categories":[1],"tags":[],"class_list":["post-2936","post","type-post","status-publish","format-standard","has-post-thumbnail","hentry","category-cronica"],"_links":{"self":[{"href":"https:\/\/www.radiopresidenteibanez.cl\/web\/wp-json\/wp\/v2\/posts\/2936","targetHints":{"allow":["GET"]}}],"collection":[{"href":"https:\/\/www.radiopresidenteibanez.cl\/web\/wp-json\/wp\/v2\/posts"}],"about":[{"href":"https:\/\/www.radiopresidenteibanez.cl\/web\/wp-json\/wp\/v2\/types\/post"}],"author":[{"embeddable":true,"href":"https:\/\/www.radiopresidenteibanez.cl\/web\/wp-json\/wp\/v2\/users\/2"}],"replies":[{"embeddable":true,"href":"https:\/\/www.radiopresidenteibanez.cl\/web\/wp-json\/wp\/v2\/comments?post=2936"}],"version-history":[{"count":0,"href":"https:\/\/www.radiopresidenteibanez.cl\/web\/wp-json\/wp\/v2\/posts\/2936\/revisions"}],"wp:featuredmedia":[{"embeddable":true,"href":"https:\/\/www.radiopresidenteibanez.cl\/web\/wp-json\/wp\/v2\/media\/740"}],"wp:attachment":[{"href":"https:\/\/www.radiopresidenteibanez.cl\/web\/wp-json\/wp\/v2\/media?parent=2936"}],"wp:term":[{"taxonomy":"category","embeddable":true,"href":"https:\/\/www.radiopresidenteibanez.cl\/web\/wp-json\/wp\/v2\/categories?post=2936"},{"taxonomy":"post_tag","embeddable":true,"href":"https:\/\/www.radiopresidenteibanez.cl\/web\/wp-json\/wp\/v2\/tags?post=2936"}],"curies":[{"name":"wp","href":"https:\/\/api.w.org\/{rel}","templated":true}]}}